{"id":82443,"date":"2025-07-15T00:27:00","date_gmt":"2025-07-15T06:27:00","guid":{"rendered":"https:\/\/zonaroja.com.mx\/?p=82443"},"modified":"2025-07-15T07:30:06","modified_gmt":"2025-07-15T13:30:06","slug":"jesus-rito-garcia-el-principal-reto-en-oaxaca-es-la-venta-de-libros","status":"publish","type":"post","link":"https:\/\/zonaroja.com.mx\/?p=82443","title":{"rendered":"Jes\u00fas Rito Garc\u00eda: \u00abel principal reto en Oaxaca es la venta de libros\u00bb"},"content":{"rendered":"\n<p>Lisbeth Mej\u00eda Reyes\/Zona Roja.<\/p>\n\n\n\n<p>Oaxaca, Oax., a 15 de julio de 2025.- En el estado de Oaxaca faltan librer\u00edas, bibliotecas y promoci\u00f3n de la lectura, dice el poeta, editor y traductor Jes\u00fas Rito Garc\u00eda. Para el originario de Santo Domingo Tehuantepec, quien tambi\u00e9n se ha desempe\u00f1ado en la docencia, el trabajo editorial es una constante que ha mantenido por 17 a\u00f1os en medio de retos.<\/p>\n\n\n\n<p>Desde la editorial Pharus, su sello literario, Rito Garc\u00eda public\u00f3 recientemente \u00abLa Carne es lo menos herido\u00bb, una antolog\u00eda del fallecido poeta brasile\u00f1o Jo\u00e3o da Cruz e Sousa, con traducci\u00f3n del tabasque\u00f1o Agust\u00edn Abreu Cornelio.<\/p>\n\n\n\n<p>Este a\u00f1o la editorial cumple 17 a\u00f1os y tras reflexionar sobre este andar, Rito se\u00f1ala que \u00abel principal reto en Oaxaca es la venta de libros\u00bb, algo que se suma a la falta de librer\u00edas y de bibliotecas p\u00fablicas.<\/p>\n\n\n\n<p>Como parte de las actividades de este a\u00f1o de la editorial, est\u00e1n las presentaciones de \u00abLa Carne es lo menos herido\u00bb, el 15 de julio, en Santo Domingo Tehuantepec, y el 17 en la Biblioteca Andr\u00e9s Henestrosa (ciudad de Oaxaca). El volumen es una nueva edici\u00f3n traducida por el tabasque\u00f1o Agust\u00edn Abreu Cornelio.&nbsp;<\/p>\n\n\n\n<p>El 18 habr\u00e1 una lectura a dos voces, entre Jes\u00fas Rito Garc\u00eda y Agust\u00edn Abreu Cornelio. El 19, al mediod\u00eda, se presentar\u00e1 el libro \u00abEstas ruinas\u00bb, de Abreu, en el Instituto de Artes Gr\u00e1ficas de Oaxaca.<\/p>\n\n\n\n<p>\u00abMucho de lo que hemos trabajado es en la formaci\u00f3n de p\u00fablicos, de lectores. Muchos de los eventos que hemos realizado junto con la publicaci\u00f3n de libros han sido actividades de promoci\u00f3n de la lectura, como el Marat\u00f3n de poes\u00eda y narrativa de Oaxaca, como el Abasto de Letras, lecturas y festivales en los que hemos participado\u00bb, cuenta el poeta y editor a prop\u00f3sito de estas actividades y el aniversario de la editorial.<\/p>\n\n\n\n<p>Con la editorial, Rito tiene como uno de los proyectos un c\u00edrculo de lectura en el Istmo de Tehuantepec, con personas de Juchit\u00e1n, Salina Cruz, San Mateo del Mar, San Blas Atempa y otras poblaciones. Lo mismo hizo en la regi\u00f3n costa, cuando radic\u00f3 un tiempo en Puerto Escondido, explica sobre esta estrategia de formaci\u00f3n de lectores.<\/p>\n\n\n\n<p>El tambi\u00e9n fundador de la biblioteca Juan Rulfo, en San Juan Luvina, considera que la falta de lectores es un problema generalizado en el pa\u00eds y a lo que se enfrentan las editoriales, principalmente las que como Pharus no tienen el capital ni los alcances de un sello internacional.<\/p>\n\n\n\n<p>\u00abLa dificultad que tenemos es que estamos publicando y el proceso posterior, de la venta, es bastante complicado, principalmente competir con propuestas comerciales que tienen apoyos gubernamentales\u00bb, explica. Sin embargo, tambi\u00e9n reconoce que eso no les impide hacer publicaciones con tirajes cortos, de 100 ejemplares, y en los que la participaci\u00f3n econ\u00f3mica de los autores es crucial.<\/p>\n\n\n\n<p>\u00abMe han preguntado c\u00f3mo la auto publicaci\u00f3n puede ser ben\u00e9fica. Em problema est\u00e1 en que la gran mayor\u00eda de las editoriales que buscan generar econom\u00eda descartan a todos aquellos (autores) que no tengan m\u00e1s de cinco, 10 o 20 publicaciones y una carrera reconocida para que les garantice la venta\u00bb.<\/p>\n\n\n\n<p>Muchos escritores, a lo largo de la historia de la literatura, se han auto publicado, explica Rito sobre la manera de que sus libros vean la luz y que para la editorial Pharus es tambi\u00e9n una apuesta. En este caso para mantener viva la idea de hacer literatura desde Oaxaca.<\/p>\n\n\n\n<p>\u00abEn Oaxaca, en el estado en general, dif\u00edcilmente hay librer\u00edas. Hay muy pocas librer\u00edas y el acceso a los libros es muy limitado, pero actualmente con la venta en l\u00ednea&#8230;eso facilita mucho la venta y compra, pero por mucho tiempo no lo tuvimos\u00bb, reflexiona.<\/p>\n\n\n\n<p>Al no haber bibliotecas, la promoci\u00f3n de la lectura ha sido muy m\u00ednima, dice Jes\u00fas Rito sobre el panorama en Oaxaca y en muchas partes del pa\u00eds. Adem\u00e1s de que su labor no solamente se trata de publicar y llenar de libros a las y los j\u00f3venes sino guiarlos por la lectura, a fin de encontrar los t\u00edtulos o autores que podr\u00edan ser de su inter\u00e9s.<\/p>\n\n\n\n<p>\u00abLos j\u00f3venes tampoco tienen inter\u00e9s porque ahora hay muchos distractores cuando antes solamente eran la televisi\u00f3n y ahora son los tel\u00e9fonos celulares\u00bb.<\/p>\n","protected":false},"excerpt":{"rendered":"<p>Lisbeth Mej\u00eda Reyes\/Zona Roja. Oaxaca, Oax., a 15 de julio de 2025.- En el estado&hellip;<\/p>\n","protected":false},"author":2,"featured_media":82444,"comment_status":"closed","ping_status":"open","sticky":false,"template":"","format":"standard","meta":{"_lmt_disableupdate":"","_lmt_disable":"","_jetpack_memberships_contains_paid_content":false,"footnotes":""},"categories":[109,46],"tags":[4361],"class_list":["post-82443","post","type-post","status-publish","format-standard","has-post-thumbnail","hentry","category-minuto-a-minuto","category-zona-blanca","tag-jesus-rito-garcia"],"jetpack_featured_media_url":"https:\/\/zonaroja.com.mx\/wp-content\/uploads\/2025\/07\/Jesus-Rito-Garcia.jpg.webp","jetpack_sharing_enabled":true,"_links":{"self":[{"href":"https:\/\/zonaroja.com.mx\/index.php?rest_route=\/wp\/v2\/posts\/82443","targetHints":{"allow":["GET"]}}],"collection":[{"href":"https:\/\/zonaroja.com.mx\/index.php?rest_route=\/wp\/v2\/posts"}],"about":[{"href":"https:\/\/zonaroja.com.mx\/index.php?rest_route=\/wp\/v2\/types\/post"}],"author":[{"embeddable":true,"href":"https:\/\/zonaroja.com.mx\/index.php?rest_route=\/wp\/v2\/users\/2"}],"replies":[{"embeddable":true,"href":"https:\/\/zonaroja.com.mx\/index.php?rest_route=%2Fwp%2Fv2%2Fcomments&post=82443"}],"version-history":[{"count":1,"href":"https:\/\/zonaroja.com.mx\/index.php?rest_route=\/wp\/v2\/posts\/82443\/revisions"}],"predecessor-version":[{"id":82445,"href":"https:\/\/zonaroja.com.mx\/index.php?rest_route=\/wp\/v2\/posts\/82443\/revisions\/82445"}],"wp:featuredmedia":[{"embeddable":true,"href":"https:\/\/zonaroja.com.mx\/index.php?rest_route=\/wp\/v2\/media\/82444"}],"wp:attachment":[{"href":"https:\/\/zonaroja.com.mx\/index.php?rest_route=%2Fwp%2Fv2%2Fmedia&parent=82443"}],"wp:term":[{"taxonomy":"category","embeddable":true,"href":"https:\/\/zonaroja.com.mx\/index.php?rest_route=%2Fwp%2Fv2%2Fcategories&post=82443"},{"taxonomy":"post_tag","embeddable":true,"href":"https:\/\/zonaroja.com.mx\/index.php?rest_route=%2Fwp%2Fv2%2Ftags&post=82443"}],"curies":[{"name":"wp","href":"https:\/\/api.w.org\/{rel}","templated":true}]}}