{"id":82446,"date":"2025-07-15T13:34:00","date_gmt":"2025-07-15T19:34:00","guid":{"rendered":"https:\/\/zonaroja.com.mx\/?p=82446"},"modified":"2025-07-15T07:36:24","modified_gmt":"2025-07-15T13:36:24","slug":"opinion-negacionismo-primaveral","status":"publish","type":"post","link":"https:\/\/zonaroja.com.mx\/?p=82446","title":{"rendered":"Opini\u00f3n. Negacionismo primaveral"},"content":{"rendered":"\n<p>Isidoro Yescas*<\/p>\n\n\n\n<p>Dos hechos recientes exhiben el car\u00e1cter negacionista del gobierno&nbsp;primaveral&nbsp;y&nbsp;la &nbsp;propia convicci\u00f3n del gobernador Salom\u00f3n Jara que quienes anda mal y se equivocan son los de enfrente,&nbsp;pues no es casual que&nbsp;a cuatro meses de que cierre la primera mitad de su sexenio&nbsp;\u00e9l y su cerrado c\u00edrculo de poder sigan&nbsp;convencidos&nbsp;que,&nbsp;\u201ccomo nunca antes\u201d, en Oaxaca se respira paz social y gobernabilidad.<\/p>\n\n\n\n<p>Con la ejecuci\u00f3n del jefe del c\u00e1rtel Confederaci\u00f3n Joven, Juan&nbsp;Yahv\u00e9 Luis&nbsp;Villaseca, no hubo condena oficial del hecho y, salvo los avances de la investigaci\u00f3n iniciada por la FGEO, lo dem\u00e1s ha sido un sepulcral silencio, tanto de&nbsp;parte del&nbsp;jefe del Poder Ejecutivo como de los altos mandos del Poder Judicial y ni se diga del Poder Legislativo, en donde todo pasa de noche&nbsp;y tampoco de los concejales del municipio capitalino.<\/p>\n\n\n\n<p>En un necio af\u00e1n por tapar el sol con un dedo, la respuesta de los tres poderes&nbsp;(y de Raymundo Chagoya y su Cabildo)&nbsp;fue voltear hacia otro lado, buscando con ello encubrir toda la violencia criminal que&nbsp;permea en buena parte de la entidad y que&nbsp;ahora se expres\u00f3 en la ejecuci\u00f3n &nbsp;de uno de los&nbsp;jefes de los&nbsp;tres c\u00e1rteles&nbsp;(Confederaci\u00f3n Joven, &nbsp;CTM y CATEM)&nbsp;que se han disputado los grandes negocios&nbsp;relacionados con la obra p\u00fablica, el transporte,&nbsp;la construcci\u00f3n,&nbsp;el narcomenudeo, la extorsi\u00f3n, etc.,&nbsp;tanto en el municipio de &nbsp;Oaxaca de Ju\u00e1rez como en &nbsp;la zona metropolitana de los Valles Centrales y el resto de la entidad.&nbsp;<\/p>\n\n\n\n<p>La&nbsp;otra &nbsp;expresi\u00f3n&nbsp;de ese negacionismo fue la resistencia gubernamental para reconocer que su contrato firmado (y pagado en d\u00f3lares) con la empresa internacional&nbsp;de&nbsp;marketing &nbsp;Guinness&nbsp;World&nbsp;Records&nbsp;(GWR) result\u00f3 un fiasco, toda vez que la mal llamada&nbsp;Tlayuda m\u00e1s Grande del Mundo&nbsp;termin\u00f3&nbsp;en&nbsp;una simple suma y acomodo,&nbsp;en forma circular,&nbsp;de 1200 tlayudas (o&nbsp;clayudas).<\/p>\n\n\n\n<p>A pesar de &nbsp;las cr\u00edticas, burlas y rechazo de miles de oaxaque\u00f1os y oaxaque\u00f1as a este fallido experimento para (otra vez) apropiarse de un bien gastron\u00f3mico y usarlo como instrumento de publicidad para darle gusto al turismo, el gobierno primaveral nunca rectific\u00f3, menos&nbsp;se disculp\u00f3 por algo que parec\u00eda elemental: no se trataba de elaborar&nbsp;una&nbsp;megatlayuda, porque ese no&nbsp;era&nbsp;parte del convenio con GWR, sino armar una especie de \u201cel kil\u00f3metro de la tlayuda oaxaque\u00f1a\u201d&nbsp;con &nbsp;el acomodo, en una sola l\u00ednea, de 1200 piezas.&nbsp;<\/p>\n\n\n\n<p>Con la primera alternancia&nbsp;( 2010-2016)&nbsp;nos fue mal.&nbsp;Entonces,&nbsp;una coalici\u00f3n de partidos de izquierda y&nbsp;de&nbsp;derecha&nbsp;apoyados por organizaciones sociales&nbsp;derrotaron al PRI&nbsp;para empoderar en la gubernatura a Gabino&nbsp;Cu\u00e9Monteagudo. Con la segunda, cuando el PRI recuper\u00f3 la gubernatura para Alejandro Murat,&nbsp;peor&nbsp;tantito.&nbsp;Y con el triunfo de&nbsp;la&nbsp;m\u00e1s&nbsp;rancia&nbsp;expresi\u00f3n&nbsp;clientelar y facciosa de&nbsp;Morena&nbsp;en el 2022,&nbsp;que no solamente se alz\u00f3 con un p\u00edrrico triunfo para la gubernatura sino que tom\u00f3 el control del Congreso local y&nbsp;los principales municipios de la entidad,&nbsp;ya en ca\u00edda libre.<\/p>\n\n\n\n<p>Hoy,&nbsp;no solamente es la inseguridad, violencia &nbsp; y corrupci\u00f3n heredada del &nbsp;muratismo, y que&nbsp;ya&nbsp;se&nbsp;sigue&nbsp;expresando&nbsp;en grado superlativo, sino la suma de &nbsp; descomposici\u00f3n &nbsp;social y familiar que viene de atr\u00e1s, con la &nbsp;violencia, impunidad y miedo que &nbsp;genera el empoderamiento &nbsp;de c\u00e9lulas y c\u00e1rteles del crimen organizado y no organizado en las estructuras del poder estatal y municipales.&nbsp;<\/p>\n\n\n\n<p>Y a todo lo anterior, la mediocridad e impudicia de la&nbsp;yopecracia&nbsp;primaveral que tan bien retrata en su entrega dominical el colega Juan P\u00e9rez&nbsp;Audelo .<\/p>\n\n\n\n<p>Cierro&nbsp;este&nbsp;art\u00edculo&nbsp;con&nbsp;algunas &nbsp;l\u00edneas&nbsp;de su autor\u00eda: \u201cSi hay un estado en donde la transformaci\u00f3n ha llegado es Oaxaca.\u201d\u2026En el equipo del gobernador \u201c algunos dejaron los mototaxis, los puestos de tacos, el arado y la yunta, para mutar gente de&nbsp;ciudad.Se&nbsp;ganaron el cargo pintando paredes\u2026.Los m\u00e1s afortunados aportando lana, as\u00ed fuera il\u00edcita. Del huachicol o de otras fuentes oscuras.\u201d (..) \u201cLa ropa de marca tambi\u00e9n es una&nbsp;constante\u2026..Atr\u00e1s quedaron los resabios de la pobreza\u201d (..) \u201cEn sus pueblos, unos ya presumen ranchitos o terrenitos; otros, departamentos hasta en el extranjero\u201d&nbsp;(\u201cLa verdadera transformaci\u00f3n\u201d, en&nbsp;Oax-Press, julio 13 del 2025.).<\/p>\n\n\n\n<p>*Maestro en Sociolog\u00eda y periodista.<\/p>\n\n\n\n<p>X:@YescasIsidoro<\/p>\n\n\n\n<p>Faceboock:IsidoroYescas<\/p>\n","protected":false},"excerpt":{"rendered":"<p>Isidoro Yescas* Dos hechos recientes exhiben el car\u00e1cter negacionista del gobierno&nbsp;primaveral&nbsp;y&nbsp;la &nbsp;propia convicci\u00f3n del gobernador&hellip;<\/p>\n","protected":false},"author":2,"featured_media":71623,"comment_status":"closed","ping_status":"open","sticky":false,"template":"","format":"standard","meta":{"_lmt_disableupdate":"","_lmt_disable":"","_jetpack_memberships_contains_paid_content":false,"footnotes":""},"categories":[456,109],"tags":[3998],"class_list":["post-82446","post","type-post","status-publish","format-standard","has-post-thumbnail","hentry","category-columna","category-minuto-a-minuto","tag-isidoro-yescas-martinez"],"jetpack_featured_media_url":"https:\/\/zonaroja.com.mx\/wp-content\/uploads\/2024\/08\/Opinion.-Isidoro-Yescas.jpg","jetpack_sharing_enabled":true,"_links":{"self":[{"href":"https:\/\/zonaroja.com.mx\/index.php?rest_route=\/wp\/v2\/posts\/82446","targetHints":{"allow":["GET"]}}],"collection":[{"href":"https:\/\/zonaroja.com.mx\/index.php?rest_route=\/wp\/v2\/posts"}],"about":[{"href":"https:\/\/zonaroja.com.mx\/index.php?rest_route=\/wp\/v2\/types\/post"}],"author":[{"embeddable":true,"href":"https:\/\/zonaroja.com.mx\/index.php?rest_route=\/wp\/v2\/users\/2"}],"replies":[{"embeddable":true,"href":"https:\/\/zonaroja.com.mx\/index.php?rest_route=%2Fwp%2Fv2%2Fcomments&post=82446"}],"version-history":[{"count":1,"href":"https:\/\/zonaroja.com.mx\/index.php?rest_route=\/wp\/v2\/posts\/82446\/revisions"}],"predecessor-version":[{"id":82447,"href":"https:\/\/zonaroja.com.mx\/index.php?rest_route=\/wp\/v2\/posts\/82446\/revisions\/82447"}],"wp:featuredmedia":[{"embeddable":true,"href":"https:\/\/zonaroja.com.mx\/index.php?rest_route=\/wp\/v2\/media\/71623"}],"wp:attachment":[{"href":"https:\/\/zonaroja.com.mx\/index.php?rest_route=%2Fwp%2Fv2%2Fmedia&parent=82446"}],"wp:term":[{"taxonomy":"category","embeddable":true,"href":"https:\/\/zonaroja.com.mx\/index.php?rest_route=%2Fwp%2Fv2%2Fcategories&post=82446"},{"taxonomy":"post_tag","embeddable":true,"href":"https:\/\/zonaroja.com.mx\/index.php?rest_route=%2Fwp%2Fv2%2Ftags&post=82446"}],"curies":[{"name":"wp","href":"https:\/\/api.w.org\/{rel}","templated":true}]}}