{"id":82448,"date":"2025-07-15T16:53:22","date_gmt":"2025-07-15T22:53:22","guid":{"rendered":"https:\/\/zonaroja.com.mx\/?p=82448"},"modified":"2025-07-15T16:53:24","modified_gmt":"2025-07-15T22:53:24","slug":"aprueba-cabildo-permisos-para-ventas-por-fiestas-de-guelaguetza","status":"publish","type":"post","link":"https:\/\/zonaroja.com.mx\/?p=82448","title":{"rendered":"Aprueba Cabildo permisos para ventas por fiestas de Guelaguetza"},"content":{"rendered":"\n<p>Lisbeth Mej\u00eda Reyes\/Zona Roja.<\/p>\n\n\n\n<p>Oaxaca, Oax., a 15 de julio de 2025.- En medio de la inconformidad de vecinos de la zona y la queja de un grupo de artesanos, el Cabildo de Oaxaca de Ju\u00e1rez aprob\u00f3 este martes 681 permisos temporales para las expo ferias artesanales por las fiestas de Guelaguetza, las cuales estar\u00e1n del 16 de julio al 3 de agosto en el centro hist\u00f3rico.<\/p>\n\n\n\n<p>Los nuevos permisos superan en 402 a los otorgados por la pasada administraci\u00f3n municipal para la misma temporada (279).<\/p>\n\n\n\n<p>La aprobaci\u00f3n fue con 15 votos a favor y uno en contra, del regidor Mart\u00edn V\u00e1zquez Villanueva. Aunque en la sesi\u00f3n ordinaria y virtual no se especificaron los lugares, vigencia y n\u00famero de permisos.<\/p>\n\n\n\n<p>Sin embargo, el dictamen obtenido por este medio permite saber que 255 puestos estar\u00e1n en la calle Macedonio Alcal\u00e1 (entre la plazuela del Carmen Alto y la calle Berrioz\u00e1bal); 290 en La Reforma y 136 en el jard\u00edn Antonia Labastida.<\/p>\n\n\n\n<p>Entre las 14 organizaciones beneficiadas con los permisos, las que tienen los mayores n\u00fameros son: la Alianza de Sindicatos y Asociaciones del Estado de Oaxaca (ASAEO) y la 21 de Diciembre, con 90 permisos cada una; Renacimiento y Movimiento de Unificaci\u00f3n y Lucha Triqui (MULT), con 61 cada una, y Confederaci\u00f3n Joven de M\u00e9xico y Comerciantes Establecidos de Oaxaca Antequera, con 60, cada una.&nbsp;<\/p>\n\n\n\n<p>La Asociaci\u00f3n de Comunidades Ind\u00edgenas Artesanos de Oaxaca aparec\u00eda con 79 autorizaciones, pero el lunes inform\u00f3 que hab\u00eda desistido de participar.<\/p>\n\n\n\n<p>Aunque fue hasta este martes cuando se aprobaron los permisos, las estructuras de las expo ferias comenzaron a colocarse desde el fin de semana en medio de la inconformidad de vecinos y comerciantes de la calle de La Reforma y Berrioz\u00e1bal por las afectaciones econ\u00f3micas, al patrimonio, al libre tr\u00e1nsito y a su vida diaria.<\/p>\n\n\n\n<p>Sin embargo, el presidente municipal, Raymundo Chagoya Villanueva, argument\u00f3 que la colocaci\u00f3n en La Reforma fue para liberar el jard\u00edn El Pa\u00f1uelito y el \u00e1rea cercana. Tambi\u00e9n porque es la m\u00e1s id\u00f3nea debido a su amplitud, las condiciones del arbolado urbano y porque no hay tantas casas-habitaci\u00f3n ni comercios, aunque se analizaron otras opciones como las calles Berrioz\u00e1bal, Constituci\u00f3n y Garc\u00eda Vigil.<\/p>\n","protected":false},"excerpt":{"rendered":"<p>Lisbeth Mej\u00eda Reyes\/Zona Roja. Oaxaca, Oax., a 15 de julio de 2025.- En medio de&hellip;<\/p>\n","protected":false},"author":2,"featured_media":82449,"comment_status":"closed","ping_status":"open","sticky":false,"template":"","format":"standard","meta":{"_lmt_disableupdate":"","_lmt_disable":"","_jetpack_memberships_contains_paid_content":false,"footnotes":""},"categories":[109,46],"tags":[148],"class_list":["post-82448","post","type-post","status-publish","format-standard","has-post-thumbnail","hentry","category-minuto-a-minuto","category-zona-blanca","tag-oaxaca-de-juarez"],"jetpack_featured_media_url":"https:\/\/zonaroja.com.mx\/wp-content\/uploads\/2025\/07\/Sesion-Cabildo.jpg","jetpack_sharing_enabled":true,"_links":{"self":[{"href":"https:\/\/zonaroja.com.mx\/index.php?rest_route=\/wp\/v2\/posts\/82448","targetHints":{"allow":["GET"]}}],"collection":[{"href":"https:\/\/zonaroja.com.mx\/index.php?rest_route=\/wp\/v2\/posts"}],"about":[{"href":"https:\/\/zonaroja.com.mx\/index.php?rest_route=\/wp\/v2\/types\/post"}],"author":[{"embeddable":true,"href":"https:\/\/zonaroja.com.mx\/index.php?rest_route=\/wp\/v2\/users\/2"}],"replies":[{"embeddable":true,"href":"https:\/\/zonaroja.com.mx\/index.php?rest_route=%2Fwp%2Fv2%2Fcomments&post=82448"}],"version-history":[{"count":1,"href":"https:\/\/zonaroja.com.mx\/index.php?rest_route=\/wp\/v2\/posts\/82448\/revisions"}],"predecessor-version":[{"id":82450,"href":"https:\/\/zonaroja.com.mx\/index.php?rest_route=\/wp\/v2\/posts\/82448\/revisions\/82450"}],"wp:featuredmedia":[{"embeddable":true,"href":"https:\/\/zonaroja.com.mx\/index.php?rest_route=\/wp\/v2\/media\/82449"}],"wp:attachment":[{"href":"https:\/\/zonaroja.com.mx\/index.php?rest_route=%2Fwp%2Fv2%2Fmedia&parent=82448"}],"wp:term":[{"taxonomy":"category","embeddable":true,"href":"https:\/\/zonaroja.com.mx\/index.php?rest_route=%2Fwp%2Fv2%2Fcategories&post=82448"},{"taxonomy":"post_tag","embeddable":true,"href":"https:\/\/zonaroja.com.mx\/index.php?rest_route=%2Fwp%2Fv2%2Ftags&post=82448"}],"curies":[{"name":"wp","href":"https:\/\/api.w.org\/{rel}","templated":true}]}}