{"id":82451,"date":"2025-07-15T17:25:00","date_gmt":"2025-07-15T23:25:00","guid":{"rendered":"https:\/\/zonaroja.com.mx\/?p=82451"},"modified":"2025-07-15T17:25:26","modified_gmt":"2025-07-15T23:25:26","slug":"pide-sheinbaum-a-eu-incrementar-operativos-para-detener-trafico-de-armas","status":"publish","type":"post","link":"https:\/\/zonaroja.com.mx\/?p=82451","title":{"rendered":"Pide Sheinbaum a EU incrementar operativos para detener tr\u00e1fico de armas"},"content":{"rendered":"\n<p>Redacci\u00f3n\/Zona Roja Cdmx.<\/p>\n\n\n\n<p>Ciudad de M\u00e9xico, a 15 de julio de 2025.- La presidenta Claudia Sheinbaum Pardo exigi\u00f3 que Estados Unidos incremente sus operativos para evitar la entrada ilegal de armas a M\u00e9xico.<\/p>\n\n\n\n<p>En la conferencia matutina de Palacio Nacional, Sheinbaum Pardo detall\u00f3 que este tipo de acciones se han pedido al Gobierno de los Estados Unidos durante las reuniones bilaterales, pero reconoci\u00f3 que siguen entrando armamento a nuestro pa\u00eds.<\/p>\n\n\n\n<p>Lo hemos dicho: EE.UU. tiene que incrementar sus operativos para disminuir el tr\u00e1fico de armas a M\u00e9xico, ilegal\u201d, sostuvo.<\/p>\n\n\n\n<p>\u201cEs una labor que tienen que realizar ellos, tienen much\u00edsimos elementos de seguridad en la frontera y toda la posibilidad de hacer las revisiones y operativos necesarios para evitar la entrada de armas de EE.UU. a M\u00e9xico\u201d, afirm\u00f3.<\/p>\n\n\n\n<p>\u201cNosotros pensamos que tiene que incrementar esas actividades y se los hemos dicho en la mesa, es la realidad, siguen entrando armas a nuestro pa\u00eds\u201d apunt\u00f3 la jefa del Ejecutivo federal.<\/p>\n\n\n\n<p>La mandataria mexicana afirm\u00f3 que de este lado de la frontera se hacen las revisiones correspondientes para evitar la entrada ilegal de armamento a nuestro pa\u00eds, pero que EE.UU. debe hacer su parte.<\/p>\n\n\n\n<p>\u201cNosotros revisamos de este lado de la frontera pero ellos tienen que hacer su parte, necesariamente. Tienen que incrementarla m\u00e1s\u201d, refiri\u00f3 esta ma\u00f1ana.<\/p>\n\n\n\n<p>En junio pasado, la Corte Suprema de los Estados Unidos desestim\u00f3 una demanda interpuesta por el Gobierno de M\u00e9xico contra los fabricantes de armas estadounidenses, por su presunta responsabilidad en el tr\u00e1fico il\u00edcito de armamento hacia territorio mexicano.<\/p>\n\n\n\n<p>A pesar del fallo, el directivo Interino de la Oficina de Alcohol, Tabaco, Armas de Fuego y Explosivos (ATF, en ingl\u00e9s) de Estados Unidos, Daniel Driscoll, asegur\u00f3 que la agencia que representa seguir\u00e1 trabajando con los socios \u201cpara detener el flujo de armas peligrosas hacia los c\u00e1rteles mexicanos\u201d.<\/p>\n\n\n\n<p>El Gobierno mexicano ha denunciado desde el sexenio pasado&nbsp;que muchas armas utilizadas por el crimen organizado en nuestro pa\u00eds proceden de los Estados Unidos.<\/p>\n\n\n\n<p>(Con informaci\u00f3n de L\u00f3pez-D\u00f3riga Digital)<\/p>\n","protected":false},"excerpt":{"rendered":"<p>Redacci\u00f3n\/Zona Roja Cdmx. Ciudad de M\u00e9xico, a 15 de julio de 2025.- La presidenta Claudia&hellip;<\/p>\n","protected":false},"author":2,"featured_media":81663,"comment_status":"closed","ping_status":"open","sticky":false,"template":"","format":"standard","meta":{"_lmt_disableupdate":"","_lmt_disable":"","_jetpack_memberships_contains_paid_content":false,"footnotes":""},"categories":[109,46],"tags":[3370],"class_list":["post-82451","post","type-post","status-publish","format-standard","has-post-thumbnail","hentry","category-minuto-a-minuto","category-zona-blanca","tag-claudia-sheinbaum"],"jetpack_featured_media_url":"https:\/\/zonaroja.com.mx\/wp-content\/uploads\/2025\/06\/Claudia-Sheinbaum-conferencia.jpg","jetpack_sharing_enabled":true,"_links":{"self":[{"href":"https:\/\/zonaroja.com.mx\/index.php?rest_route=\/wp\/v2\/posts\/82451","targetHints":{"allow":["GET"]}}],"collection":[{"href":"https:\/\/zonaroja.com.mx\/index.php?rest_route=\/wp\/v2\/posts"}],"about":[{"href":"https:\/\/zonaroja.com.mx\/index.php?rest_route=\/wp\/v2\/types\/post"}],"author":[{"embeddable":true,"href":"https:\/\/zonaroja.com.mx\/index.php?rest_route=\/wp\/v2\/users\/2"}],"replies":[{"embeddable":true,"href":"https:\/\/zonaroja.com.mx\/index.php?rest_route=%2Fwp%2Fv2%2Fcomments&post=82451"}],"version-history":[{"count":1,"href":"https:\/\/zonaroja.com.mx\/index.php?rest_route=\/wp\/v2\/posts\/82451\/revisions"}],"predecessor-version":[{"id":82452,"href":"https:\/\/zonaroja.com.mx\/index.php?rest_route=\/wp\/v2\/posts\/82451\/revisions\/82452"}],"wp:featuredmedia":[{"embeddable":true,"href":"https:\/\/zonaroja.com.mx\/index.php?rest_route=\/wp\/v2\/media\/81663"}],"wp:attachment":[{"href":"https:\/\/zonaroja.com.mx\/index.php?rest_route=%2Fwp%2Fv2%2Fmedia&parent=82451"}],"wp:term":[{"taxonomy":"category","embeddable":true,"href":"https:\/\/zonaroja.com.mx\/index.php?rest_route=%2Fwp%2Fv2%2Fcategories&post=82451"},{"taxonomy":"post_tag","embeddable":true,"href":"https:\/\/zonaroja.com.mx\/index.php?rest_route=%2Fwp%2Fv2%2Ftags&post=82451"}],"curies":[{"name":"wp","href":"https:\/\/api.w.org\/{rel}","templated":true}]}}