{"id":82453,"date":"2025-07-15T20:35:58","date_gmt":"2025-07-16T02:35:58","guid":{"rendered":"https:\/\/zonaroja.com.mx\/?p=82453"},"modified":"2025-07-15T20:35:59","modified_gmt":"2025-07-16T02:35:59","slug":"con-marcha-en-juchitan-exigen-justicia-para-maricela-vinculan-a-proceso-a-feminicida","status":"publish","type":"post","link":"https:\/\/zonaroja.com.mx\/?p=82453","title":{"rendered":"Con marcha en Juchit\u00e1n, exigen justicia para Maricela; vinculan a proceso a feminicida"},"content":{"rendered":"\n<p>Lisbeth Mej\u00eda Reyes\/Zona Roja.<\/p>\n\n\n\n<p>Oaxaca, Oax., a 15 de julio de 2025.- Con un retrato, pancartas y&nbsp;consignas, pobladores de la agencia \u00c1lvaro Obreg\u00f3n, activistas por los derechos de las mujeres y la familia de Maricela A. A., se manifestaron este martes a las afueras del Centro de Justicia para las Mujeres (CEJUM) de Juchit\u00e1n de Zaragoza, para exigir justicia por el feminicidio de la joven zapoteca.<\/p>\n\n\n\n<p>La protesta comenz\u00f3 con una marcha que estaba programada para las cuatro de la tarde, pero que se adelant\u00f3 debido a la audiencia del presunto feminicida en las instalaciones de CEJUM, dependiente de la Fiscal\u00eda General del Estado de Oaxaca (FGEO).&nbsp;<\/p>\n\n\n\n<p>Ah\u00ed, tras las pruebas presentadas por la Fiscal\u00eda General del Estado, el juez vincul\u00f3 a proceso y dict\u00f3 prisi\u00f3n preventiva en contra de J. M. G. Z, quien era novio de Maricela.<\/p>\n\n\n\n<p>La familia y compa\u00f1eras de la joven de 18 a\u00f1os, quien iba a graduarse de la preparatoria, mostraron su indignaci\u00f3n por el feminicidio y exigieron que el responsable pase el resto de su vida tras las rejas.<\/p>\n\n\n\n<p>La joven zapoteca es una de las al menos 44 mujeres v\u00edctimas de probables feminicidios de enero y hasta el 10 de julio de este a\u00f1o, de acuerdo con los registros de las organizaciones Consorcio y Grupo de Estudios sobre la Mujer Rosario Castellanos (GES Mujer).<\/p>\n\n\n\n<p>De acuerdo con la Fiscal\u00eda General, Maricela fue asesinada el 4 de julio. Debido a que no lleg\u00f3 a casa ese d\u00eda, fue reportada inicialmente como desaparecida, pero el 7 de julio fue hallada sin vida en la agencia de \u00c1lvaro Obreg\u00f3n, Juchit\u00e1n. Su cuerpo ten\u00eda lesiones de arma punzocortante. El d\u00eda 10, la Fiscal\u00eda detuvo al presunto responsable, a quien se dict\u00f3 prisi\u00f3n preventiva en espera de la sentencia.<\/p>\n","protected":false},"excerpt":{"rendered":"<p>Lisbeth Mej\u00eda Reyes\/Zona Roja. Oaxaca, Oax., a 15 de julio de 2025.- Con un retrato,&hellip;<\/p>\n","protected":false},"author":2,"featured_media":82454,"comment_status":"closed","ping_status":"open","sticky":false,"template":"","format":"standard","meta":{"_lmt_disableupdate":"","_lmt_disable":"","_jetpack_memberships_contains_paid_content":false,"footnotes":""},"categories":[109,47],"tags":[123],"class_list":["post-82453","post","type-post","status-publish","format-standard","has-post-thumbnail","hentry","category-minuto-a-minuto","category-zona-gris","tag-juchitan-de-zaragoza"],"jetpack_featured_media_url":"https:\/\/zonaroja.com.mx\/wp-content\/uploads\/2025\/07\/Marcha-Juchitan-por-justicia-Maricela.jpg","jetpack_sharing_enabled":true,"_links":{"self":[{"href":"https:\/\/zonaroja.com.mx\/index.php?rest_route=\/wp\/v2\/posts\/82453","targetHints":{"allow":["GET"]}}],"collection":[{"href":"https:\/\/zonaroja.com.mx\/index.php?rest_route=\/wp\/v2\/posts"}],"about":[{"href":"https:\/\/zonaroja.com.mx\/index.php?rest_route=\/wp\/v2\/types\/post"}],"author":[{"embeddable":true,"href":"https:\/\/zonaroja.com.mx\/index.php?rest_route=\/wp\/v2\/users\/2"}],"replies":[{"embeddable":true,"href":"https:\/\/zonaroja.com.mx\/index.php?rest_route=%2Fwp%2Fv2%2Fcomments&post=82453"}],"version-history":[{"count":1,"href":"https:\/\/zonaroja.com.mx\/index.php?rest_route=\/wp\/v2\/posts\/82453\/revisions"}],"predecessor-version":[{"id":82455,"href":"https:\/\/zonaroja.com.mx\/index.php?rest_route=\/wp\/v2\/posts\/82453\/revisions\/82455"}],"wp:featuredmedia":[{"embeddable":true,"href":"https:\/\/zonaroja.com.mx\/index.php?rest_route=\/wp\/v2\/media\/82454"}],"wp:attachment":[{"href":"https:\/\/zonaroja.com.mx\/index.php?rest_route=%2Fwp%2Fv2%2Fmedia&parent=82453"}],"wp:term":[{"taxonomy":"category","embeddable":true,"href":"https:\/\/zonaroja.com.mx\/index.php?rest_route=%2Fwp%2Fv2%2Fcategories&post=82453"},{"taxonomy":"post_tag","embeddable":true,"href":"https:\/\/zonaroja.com.mx\/index.php?rest_route=%2Fwp%2Fv2%2Ftags&post=82453"}],"curies":[{"name":"wp","href":"https:\/\/api.w.org\/{rel}","templated":true}]}}