{"id":82456,"date":"2025-07-15T21:46:20","date_gmt":"2025-07-16T03:46:20","guid":{"rendered":"https:\/\/zonaroja.com.mx\/?p=82456"},"modified":"2025-07-15T21:46:22","modified_gmt":"2025-07-16T03:46:22","slug":"ante-guelaguetza-refuerzan-servicios-de-limpieza-en-oaxaca-capital","status":"publish","type":"post","link":"https:\/\/zonaroja.com.mx\/?p=82456","title":{"rendered":"Ante Guelaguetza, refuerzan servicios de limpieza en Oaxaca capital"},"content":{"rendered":"\n<p>Redacci\u00f3n\/Zona Roja.<\/p>\n\n\n\n<p>Oaxaca, Oax., a 15 de julio de 2025.- En el marco de las celebraciones de la Guelaguetza, el ayuntamiento de Oaxaca de Ju\u00e1rez implement\u00f3 un Plan Emergente de Recolecci\u00f3n de Basura, con el objetivo de garantizar el orden, la limpieza y la buena imagen de la ciudad durante esta temporada que atrae a miles de visitantes.<\/p>\n\n\n\n<p>Dicho plan, instruido por el presidente municipal Ray Chagoya, se activa de manera inmediata despu\u00e9s de cada evento p\u00fablico, reforzando las labores habituales con cuadrillas especiales de servicios de limpia, quienes realizan barrido manual, recolecci\u00f3n de residuos y limpieza de espacios p\u00fablicos.<\/p>\n\n\n\n<p>Adem\u00e1s del personal operativo, trabajadores de distintas \u00e1reas del Ayuntamiento se han sumado voluntariamente a estos esfuerzos, demostrando el compromiso colectivo por una ciudad m\u00e1s limpia, segura y ordenada.<\/p>\n\n\n\n<p>Este operativo se mantendr\u00e1 de forma permanente durante todo el periodo festivo, priorizando zonas de alta concentraci\u00f3n como el Centro Hist\u00f3rico, espacios culturales, mercados, andadores tur\u00edsticos y sedes de actividades oficiales.<\/p>\n\n\n\n<p>El gobierno municipal reitera el llamado a la ciudadan\u00eda y visitantes a colaborar con estas acciones, depositando los residuos en lugares adecuados y respetando los espacios p\u00fablicos. Oaxaca de Ju\u00e1rez es el coraz\u00f3n cultural de M\u00e9xico y, con trabajo conjunto, se mantiene limpio y digno para todas y todos.<\/p>\n","protected":false},"excerpt":{"rendered":"<p>Redacci\u00f3n\/Zona Roja. Oaxaca, Oax., a 15 de julio de 2025.- En el marco de las&hellip;<\/p>\n","protected":false},"author":2,"featured_media":82457,"comment_status":"closed","ping_status":"open","sticky":false,"template":"","format":"standard","meta":{"_lmt_disableupdate":"","_lmt_disable":"","_jetpack_memberships_contains_paid_content":false,"footnotes":""},"categories":[109,46],"tags":[148],"class_list":["post-82456","post","type-post","status-publish","format-standard","has-post-thumbnail","hentry","category-minuto-a-minuto","category-zona-blanca","tag-oaxaca-de-juarez"],"jetpack_featured_media_url":"https:\/\/zonaroja.com.mx\/wp-content\/uploads\/2025\/07\/servicio-de-limpia-ciudad-de-oaxaca.jpg","jetpack_sharing_enabled":true,"_links":{"self":[{"href":"https:\/\/zonaroja.com.mx\/index.php?rest_route=\/wp\/v2\/posts\/82456","targetHints":{"allow":["GET"]}}],"collection":[{"href":"https:\/\/zonaroja.com.mx\/index.php?rest_route=\/wp\/v2\/posts"}],"about":[{"href":"https:\/\/zonaroja.com.mx\/index.php?rest_route=\/wp\/v2\/types\/post"}],"author":[{"embeddable":true,"href":"https:\/\/zonaroja.com.mx\/index.php?rest_route=\/wp\/v2\/users\/2"}],"replies":[{"embeddable":true,"href":"https:\/\/zonaroja.com.mx\/index.php?rest_route=%2Fwp%2Fv2%2Fcomments&post=82456"}],"version-history":[{"count":1,"href":"https:\/\/zonaroja.com.mx\/index.php?rest_route=\/wp\/v2\/posts\/82456\/revisions"}],"predecessor-version":[{"id":82458,"href":"https:\/\/zonaroja.com.mx\/index.php?rest_route=\/wp\/v2\/posts\/82456\/revisions\/82458"}],"wp:featuredmedia":[{"embeddable":true,"href":"https:\/\/zonaroja.com.mx\/index.php?rest_route=\/wp\/v2\/media\/82457"}],"wp:attachment":[{"href":"https:\/\/zonaroja.com.mx\/index.php?rest_route=%2Fwp%2Fv2%2Fmedia&parent=82456"}],"wp:term":[{"taxonomy":"category","embeddable":true,"href":"https:\/\/zonaroja.com.mx\/index.php?rest_route=%2Fwp%2Fv2%2Fcategories&post=82456"},{"taxonomy":"post_tag","embeddable":true,"href":"https:\/\/zonaroja.com.mx\/index.php?rest_route=%2Fwp%2Fv2%2Ftags&post=82456"}],"curies":[{"name":"wp","href":"https:\/\/api.w.org\/{rel}","templated":true}]}}