{"id":82459,"date":"2025-07-15T22:16:02","date_gmt":"2025-07-16T04:16:02","guid":{"rendered":"https:\/\/zonaroja.com.mx\/?p=82459"},"modified":"2025-07-15T22:16:04","modified_gmt":"2025-07-16T04:16:04","slug":"identifican-a-mototaxista-asesinado-en-juchitan-oaxaca","status":"publish","type":"post","link":"https:\/\/zonaroja.com.mx\/?p=82459","title":{"rendered":"Identifican a mototaxista asesinado en Juchit\u00e1n, Oaxaca"},"content":{"rendered":"\n<p>Raymundo Morales\/Zona Roja.<\/p>\n\n\n\n<p>Oaxaca, Oax., a 15 de julio de 2025.- Como Vicente \u201cN\u201d, de aproximadamente 48 a\u00f1os de edad, fue identificado el mototaxistas asesinado esta tarde en Juchit\u00e1n de Zaragoza.<\/p>\n\n\n\n<p>La v\u00edctima presuntamente era perseguida con su unidad de motor y le dieron alcance en el tramo carretero que conduce al municipio de El Espinal, donde le dispararon en repetidas ocasiones.<\/p>\n\n\n\n<p>El hombre conduc\u00eda el veh\u00edculo de servicio de alquiler con n\u00famero econ\u00f3mico MT-1355, de la Alianza de Mototaxistas Libres Oaxaque\u00f1os (AMLO), cuando fue acribillado al parecer por dos personas que viajaban a bordo de una motocicleta.<\/p>\n\n\n\n<p>Hasta esta noche, se desconoce el paradero de los agresores, pese a supuestos operativos de b\u00fasqueda de corporaciones policiacas.<\/p>\n\n\n\n<p>Personal de la Vicefiscal\u00eda Regional del Istmo, de la Fiscal\u00eda General del Estado de Oaxaca, contin\u00faa con las indagatorias respectivas.<\/p>\n\n\n\n<p>Por otra parte, diversas patrullas arribaron a un domicilio en la calle Ni\u00f1os H\u00e9roes del municipio de Salina Cruz, tras el reporte de probables detonaciones de armas de fuego y personas heridas.<\/p>\n\n\n\n<p>Al llegar, identificaron a dos mujeres sangrando; sin embargo, se negaron a ser trasladadas a bordo de una ambulancia para ser atendidas en un hospital.<\/p>\n\n\n\n<p>Tampoco quisieron detallar los motivos de la agresi\u00f3n, ante lo cual los mandos policiacos les recomendaron interponer su denuncia ante el Ministerio P\u00fablico, en caso de que haya habido un delito.<\/p>\n","protected":false},"excerpt":{"rendered":"<p>Raymundo Morales\/Zona Roja. Oaxaca, Oax., a 15 de julio de 2025.- Como Vicente \u201cN\u201d, de&hellip;<\/p>\n","protected":false},"author":2,"featured_media":82460,"comment_status":"closed","ping_status":"open","sticky":false,"template":"","format":"standard","meta":{"_lmt_disableupdate":"","_lmt_disable":"","_jetpack_memberships_contains_paid_content":false,"footnotes":""},"categories":[109,51],"tags":[123],"class_list":["post-82459","post","type-post","status-publish","format-standard","has-post-thumbnail","hentry","category-minuto-a-minuto","category-zona-roja","tag-juchitan-de-zaragoza"],"jetpack_featured_media_url":"https:\/\/zonaroja.com.mx\/wp-content\/uploads\/2025\/07\/Mototaxista-asesinado-Juchitan.jpg","jetpack_sharing_enabled":true,"_links":{"self":[{"href":"https:\/\/zonaroja.com.mx\/index.php?rest_route=\/wp\/v2\/posts\/82459","targetHints":{"allow":["GET"]}}],"collection":[{"href":"https:\/\/zonaroja.com.mx\/index.php?rest_route=\/wp\/v2\/posts"}],"about":[{"href":"https:\/\/zonaroja.com.mx\/index.php?rest_route=\/wp\/v2\/types\/post"}],"author":[{"embeddable":true,"href":"https:\/\/zonaroja.com.mx\/index.php?rest_route=\/wp\/v2\/users\/2"}],"replies":[{"embeddable":true,"href":"https:\/\/zonaroja.com.mx\/index.php?rest_route=%2Fwp%2Fv2%2Fcomments&post=82459"}],"version-history":[{"count":1,"href":"https:\/\/zonaroja.com.mx\/index.php?rest_route=\/wp\/v2\/posts\/82459\/revisions"}],"predecessor-version":[{"id":82461,"href":"https:\/\/zonaroja.com.mx\/index.php?rest_route=\/wp\/v2\/posts\/82459\/revisions\/82461"}],"wp:featuredmedia":[{"embeddable":true,"href":"https:\/\/zonaroja.com.mx\/index.php?rest_route=\/wp\/v2\/media\/82460"}],"wp:attachment":[{"href":"https:\/\/zonaroja.com.mx\/index.php?rest_route=%2Fwp%2Fv2%2Fmedia&parent=82459"}],"wp:term":[{"taxonomy":"category","embeddable":true,"href":"https:\/\/zonaroja.com.mx\/index.php?rest_route=%2Fwp%2Fv2%2Fcategories&post=82459"},{"taxonomy":"post_tag","embeddable":true,"href":"https:\/\/zonaroja.com.mx\/index.php?rest_route=%2Fwp%2Fv2%2Ftags&post=82459"}],"curies":[{"name":"wp","href":"https:\/\/api.w.org\/{rel}","templated":true}]}}