{"id":82462,"date":"2025-07-16T06:41:11","date_gmt":"2025-07-16T12:41:11","guid":{"rendered":"https:\/\/zonaroja.com.mx\/?p=82462"},"modified":"2025-07-16T06:41:13","modified_gmt":"2025-07-16T12:41:13","slug":"aranceles-al-tomate-mexicano-afectaran-poco-a-oaxaca","status":"publish","type":"post","link":"https:\/\/zonaroja.com.mx\/?p=82462","title":{"rendered":"Aranceles al tomate mexicano afectar\u00e1n poco a Oaxaca"},"content":{"rendered":"\n<p>Redacci\u00f3n\/Zona Roja.&nbsp;<\/p>\n\n\n\n<p>Oaxaca, Oax., a 16 de julio de 2025.- Ante la aplicaci\u00f3n de un arancel del 17 por ciento a los jitomates por parte del gobierno de Estados Unidos, el gobernador Salom\u00f3n Jara Cruz expres\u00f3 que este tipo de medida unilateral constituye un error que afectar\u00e1 la econom\u00eda de ambas naciones.<\/p>\n\n\n\n<p>En conferencia de prensa desde Palacio de Gobierno, el mandatario estatal coment\u00f3 que la decisi\u00f3n tomada no sirve como acto de presi\u00f3n, por lo que inst\u00f3 a la negociaci\u00f3n.&nbsp;<\/p>\n\n\n\n<p>Asimismo, manifest\u00f3 que esta medida es incongruente porque la Uni\u00f3n Americana necesita del producto para satisfacer su demanda interna.&nbsp;<\/p>\n\n\n\n<p>\u201cVamos a seguir insistiendo en la necesidad de que en M\u00e9xico y Estados Unidos sigan en la ruta del di\u00e1logo y la concertaci\u00f3n bilateral; rechazamos las decisiones unilaterales y respaldamos a nuestra Presidenta Claudia Sheinbaum Pardo\u201d, afirm\u00f3.<\/p>\n\n\n\n<p>Cabe mencionar que Oaxaca no ser\u00e1 de los estados m\u00e1s perjudicados; en cambio Sonora, Sinaloa, Baja California y Jalisco resentir\u00e1n en mayor medida el efecto de esta determinaci\u00f3n.<\/p>\n\n\n\n<figure class=\"wp-block-embed is-type-rich is-provider-twitter wp-block-embed-twitter\"><div class=\"wp-block-embed__wrapper\">\n<div class=\"twitter-tweet\"><blockquote class=\"twitter-tweet\" data-lang=\"es\"><p lang=\"es\" dir=\"ltr\">Sobre la imposici\u00f3n de aranceles por parte de Estados Unidos al tomate mexicano habl\u00f3 hoy el gobernador de <a href=\"https:\/\/twitter.com\/hashtag\/Oaxaca?src=hash&amp;ref_src=twsrc%5Etfw\">#Oaxaca<\/a>, <a href=\"https:\/\/twitter.com\/salomonj?ref_src=twsrc%5Etfw\">@salomonj<\/a>, quien mostr\u00f3 su respaldo a la Presidenta <a href=\"https:\/\/twitter.com\/Claudiashein?ref_src=twsrc%5Etfw\">@Claudiashein<\/a> y dijo que esa medida perjudica a ambas naciones; confi\u00f3 en que mediante el di\u00e1logo se logren\u2026 <a href=\"https:\/\/t.co\/sPTGhfeKJe\">pic.twitter.com\/sPTGhfeKJe<\/a><\/p>&mdash; Zona Roja Oaxaca (@ZonaRoja_Oaxaca) <a href=\"https:\/\/twitter.com\/ZonaRoja_Oaxaca\/status\/1945156569030664428?ref_src=twsrc%5Etfw\">15 de julio de 2025<\/a><\/blockquote><\/div>\n<\/div><\/figure>\n","protected":false},"excerpt":{"rendered":"<p>Redacci\u00f3n\/Zona Roja.&nbsp; Oaxaca, Oax., a 16 de julio de 2025.- Ante la aplicaci\u00f3n de un&hellip;<\/p>\n","protected":false},"author":2,"featured_media":82463,"comment_status":"closed","ping_status":"open","sticky":false,"template":"","format":"standard","meta":{"_lmt_disableupdate":"","_lmt_disable":"","_jetpack_memberships_contains_paid_content":false,"footnotes":""},"categories":[109,46],"tags":[939],"class_list":["post-82462","post","type-post","status-publish","format-standard","has-post-thumbnail","hentry","category-minuto-a-minuto","category-zona-blanca","tag-salomon-jara-cruz"],"jetpack_featured_media_url":"https:\/\/zonaroja.com.mx\/wp-content\/uploads\/2025\/07\/Insta-Salomon-Jara-al-dialogo-tras-imposicion-de-arancel-a-jitomate-mexicano-por-parte-de-Estados-Unidos-2.jpg","jetpack_sharing_enabled":true,"_links":{"self":[{"href":"https:\/\/zonaroja.com.mx\/index.php?rest_route=\/wp\/v2\/posts\/82462","targetHints":{"allow":["GET"]}}],"collection":[{"href":"https:\/\/zonaroja.com.mx\/index.php?rest_route=\/wp\/v2\/posts"}],"about":[{"href":"https:\/\/zonaroja.com.mx\/index.php?rest_route=\/wp\/v2\/types\/post"}],"author":[{"embeddable":true,"href":"https:\/\/zonaroja.com.mx\/index.php?rest_route=\/wp\/v2\/users\/2"}],"replies":[{"embeddable":true,"href":"https:\/\/zonaroja.com.mx\/index.php?rest_route=%2Fwp%2Fv2%2Fcomments&post=82462"}],"version-history":[{"count":1,"href":"https:\/\/zonaroja.com.mx\/index.php?rest_route=\/wp\/v2\/posts\/82462\/revisions"}],"predecessor-version":[{"id":82464,"href":"https:\/\/zonaroja.com.mx\/index.php?rest_route=\/wp\/v2\/posts\/82462\/revisions\/82464"}],"wp:featuredmedia":[{"embeddable":true,"href":"https:\/\/zonaroja.com.mx\/index.php?rest_route=\/wp\/v2\/media\/82463"}],"wp:attachment":[{"href":"https:\/\/zonaroja.com.mx\/index.php?rest_route=%2Fwp%2Fv2%2Fmedia&parent=82462"}],"wp:term":[{"taxonomy":"category","embeddable":true,"href":"https:\/\/zonaroja.com.mx\/index.php?rest_route=%2Fwp%2Fv2%2Fcategories&post=82462"},{"taxonomy":"post_tag","embeddable":true,"href":"https:\/\/zonaroja.com.mx\/index.php?rest_route=%2Fwp%2Fv2%2Ftags&post=82462"}],"curies":[{"name":"wp","href":"https:\/\/api.w.org\/{rel}","templated":true}]}}