{"id":82467,"date":"2025-07-16T08:30:00","date_gmt":"2025-07-16T14:30:00","guid":{"rendered":"https:\/\/zonaroja.com.mx\/?p=82467"},"modified":"2025-07-16T07:08:27","modified_gmt":"2025-07-16T13:08:27","slug":"dato-protegido-la-historia-de-censura-que-las-redes-recuerdan-a-la-4t","status":"publish","type":"post","link":"https:\/\/zonaroja.com.mx\/?p=82467","title":{"rendered":"\u2018Dato protegido\u2019, la historia de censura que las redes recuerdan a la 4T"},"content":{"rendered":"\n<p>Redacci\u00f3n\/Zona Roja Cdmx. Imagen: Cadena Noticias<\/p>\n\n\n\n<p>Ciudad de M\u00e9xico, a 16 de julio de 2025.- La censura en los tiempos de la llamada \u2018Cuarta Transformaci\u00f3n\u2019 en contra de la ciudadan\u00eda ha quedado evidenciada con el caso de Karla Estrella, una mujer que tendr\u00e1 que ofrecer disculpas p\u00fablicas diariamente en un periodo de 30 d\u00edas a la diputada del Partido del Trabajo (PT), Diana Karina Barreras.<\/p>\n\n\n\n<p>\u00bfEl motivo? Un tuit en el que la ciudadana se refiri\u00f3 de manera cr\u00edtica a la legisladora petista, quien por cierto, es pareja del morenista Sergio Guti\u00e9rrez Luna, en el contexto del proceso electoral del 2024.<\/p>\n\n\n\n<p>Eso le vali\u00f3 que Diana Karina denunciara a Karla Estrella por violencia pol\u00edtica en raz\u00f3n de g\u00e9nero ante el Tribunal Electoral del Poder Judicial de la Federaci\u00f3n (TEPJF).<\/p>\n\n\n\n<p>Eventualmente, el TEPJF determin\u00f3 sancionar a Karla Estrella, por lo que deber\u00e1 de disculparse p\u00fablicamente en un lapso de 30 d\u00edas.<\/p>\n\n\n\n<p>Adem\u00e1s, tendr\u00e1 que pagar una multa econ\u00f3mica; consultar bibliograf\u00eda sobre lenguaje no sexista y violencia contra las mujeres; publicar la sentencia en sus redes sociales; y estar inscrita en el Registro Nacional de Personas Sancionadas en Materia de Violencia Pol\u00edtica en contra de Mujeres del INE.<\/p>\n\n\n\n<p>Frente a esta persecuci\u00f3n y violaci\u00f3n a su libertad de expresi\u00f3n, la sonorense escribi\u00f3 en X: \u201cReconocer que denunciaste un tuit que te incomod\u00f3 para dejar un precedente es censura. El debate se debi\u00f3 dar en esa misma arena y bajo una condici\u00f3n de igualdad. La solicitud de disculpa no fue ocurrencia del Tribunal Electoral, fue una solicitud de la actora pol\u00edtica entre muchas otras\u201d.<\/p>\n\n\n\n<p>GENERA CR\u00cdTICAS<\/p>\n\n\n\n<p>A partir del 12 de julio, Karla Estrella comenz\u00f3 con la publicaci\u00f3n de las disculpas p\u00fablicas en sus redes sociales.<\/p>\n\n\n\n<p>Sin embargo, pese a que fue obligada a disculparse, en el mensaje, no se coloca el nombre de Diana Karina Barrera, pues se pidi\u00f3 no mencionarla y en su lugar aparece bajo el alias \u201cdato protegido\u201d.<\/p>\n\n\n\n<p>Dicha situaci\u00f3n ha desatado una oleada de indignaci\u00f3n entre usuarios de redes sociales y ha servido como una bandera por parte de la oposici\u00f3n para evidenciar la censura y como la 4T atenta contra la libertad de expresi\u00f3n.<\/p>\n\n\n\n<p>Algunos usuarios ocuparon \u201cdato protegido\u201d en tono sarc\u00e1stico para reprobar la sanci\u00f3n ordenada por el Tribunal Electoral.<\/p>\n\n\n\n<p>\u201cNo s\u00e9 qui\u00e9n sea la mentada \u2018DATO PROTEGIDO\u2019, me suena a que es una politiquilla arribista, trepadora, mezquina, corrupta y resentida casada con un inepto, eunuco, cretino (&#8230;) Diana Karina Barrera, Sergio Guti\u00e9rrez Luna, \u00bfustedes saben?\u201d, public\u00f3 un usuario.<\/p>\n\n\n\n<p>En otra publicaci\u00f3n, se manifest\u00f3: \u201cFelicidades, DATO PROTEGIDO, alias Diana Karina Barreras, ya eres TT (yo que t\u00fa no me asomaba a leer los tuits porque te decimos de todo\u201d.<\/p>\n\n\n\n<p>\u201cEn ning\u00fan gobierno del PRI, PAN, se exhibi\u00f3 de esta forma a un ciudadano por su derecho a la libre expresi\u00f3n. Ninguna oposici\u00f3n durante su gobierno, hizo que alg\u00fan seguidor de izquierda pidiera disculpas\u201d, reaccion\u00f3 otro internauta.<\/p>\n\n\n\n<p>Pero adem\u00e1s, algunos actores de la oposici\u00f3n se solidarizaron con Karla Estrella y repudiaron los abusos de la 4T.<\/p>\n\n\n\n<p>\u201cEsto es un exceso total, abuso de poder e influyentismo. No huele, apesta a dictadura\u201d, expres\u00f3 el vocero del PAN, Jorge Triana.<\/p>\n\n\n\n<p>CENSURA GUINDA<\/p>\n\n\n\n<p>Adem\u00e1s del caso de Karla Estrella, Morena ha asestado golpes a la libertad de expresi\u00f3n en Puebla y Campeche.<\/p>\n\n\n\n<p>En Puebla, se promulg\u00f3 la Ley de Ciberseguridad, con la cual se modifica el C\u00f3digo Penal del estado para incluir el delito de \u2018ciberasedio\u2019, que contempla una pena de hasta 3 a\u00f1os de prisi\u00f3n a quien \u201cinsulte, injurie, veje\u201d a personas en espacios digitales. Esto deton\u00f3 el temor a que la norma se utilice para castigar y limitar la libertad de expresi\u00f3n.<\/p>\n\n\n\n<p>Y en Campeche, la gobernadora Layda Sansores interpuso una queja en contra del periodista Jorge Gonz\u00e1lez Valdez, por supuestamente haber ejercido delitos de incitaci\u00f3n al odio y a la violencia.<\/p>\n\n\n\n<p>Una jueza vincul\u00f3 a proceso a Gonz\u00e1lez Valdez, en una decisi\u00f3n duramente criticada. Por la medida, el comunicador tuvo que renunciar a su oficio por un periodo de dos a\u00f1os y suspender el portal Tribunal Campeche.<\/p>\n\n\n\n<p>Sin embargo, un Tribunal orden\u00f3 la restituci\u00f3n de los derechos de Jorge Gonz\u00e1lez Valdez, por lo que podr\u00e1 ejercer labores period\u00edsticas en lo que se resuelve su juicio de amparo.<\/p>\n\n\n\n<p>(Informaci\u00f3n de Pol\u00edtico.Mx)<\/p>\n","protected":false},"excerpt":{"rendered":"<p>Redacci\u00f3n\/Zona Roja Cdmx. Imagen: Cadena Noticias Ciudad de M\u00e9xico, a 16 de julio de 2025.-&hellip;<\/p>\n","protected":false},"author":2,"featured_media":82468,"comment_status":"closed","ping_status":"open","sticky":false,"template":"","format":"standard","meta":{"_lmt_disableupdate":"","_lmt_disable":"","_jetpack_memberships_contains_paid_content":false,"footnotes":""},"categories":[109,47],"tags":[4362],"class_list":["post-82467","post","type-post","status-publish","format-standard","has-post-thumbnail","hentry","category-minuto-a-minuto","category-zona-gris","tag-diana-karina-barreras"],"jetpack_featured_media_url":"https:\/\/zonaroja.com.mx\/wp-content\/uploads\/2025\/07\/Diana-Karina-Barreras-y-Karla-Estrella-.jpg","jetpack_sharing_enabled":true,"_links":{"self":[{"href":"https:\/\/zonaroja.com.mx\/index.php?rest_route=\/wp\/v2\/posts\/82467","targetHints":{"allow":["GET"]}}],"collection":[{"href":"https:\/\/zonaroja.com.mx\/index.php?rest_route=\/wp\/v2\/posts"}],"about":[{"href":"https:\/\/zonaroja.com.mx\/index.php?rest_route=\/wp\/v2\/types\/post"}],"author":[{"embeddable":true,"href":"https:\/\/zonaroja.com.mx\/index.php?rest_route=\/wp\/v2\/users\/2"}],"replies":[{"embeddable":true,"href":"https:\/\/zonaroja.com.mx\/index.php?rest_route=%2Fwp%2Fv2%2Fcomments&post=82467"}],"version-history":[{"count":1,"href":"https:\/\/zonaroja.com.mx\/index.php?rest_route=\/wp\/v2\/posts\/82467\/revisions"}],"predecessor-version":[{"id":82469,"href":"https:\/\/zonaroja.com.mx\/index.php?rest_route=\/wp\/v2\/posts\/82467\/revisions\/82469"}],"wp:featuredmedia":[{"embeddable":true,"href":"https:\/\/zonaroja.com.mx\/index.php?rest_route=\/wp\/v2\/media\/82468"}],"wp:attachment":[{"href":"https:\/\/zonaroja.com.mx\/index.php?rest_route=%2Fwp%2Fv2%2Fmedia&parent=82467"}],"wp:term":[{"taxonomy":"category","embeddable":true,"href":"https:\/\/zonaroja.com.mx\/index.php?rest_route=%2Fwp%2Fv2%2Fcategories&post=82467"},{"taxonomy":"post_tag","embeddable":true,"href":"https:\/\/zonaroja.com.mx\/index.php?rest_route=%2Fwp%2Fv2%2Ftags&post=82467"}],"curies":[{"name":"wp","href":"https:\/\/api.w.org\/{rel}","templated":true}]}}