{"id":82478,"date":"2025-07-16T11:30:00","date_gmt":"2025-07-16T17:30:00","guid":{"rendered":"https:\/\/zonaroja.com.mx\/?p=82478"},"modified":"2025-07-16T13:47:07","modified_gmt":"2025-07-16T19:47:07","slug":"hay-mas-de-tres-mil-solicitudes-de-vendedores-para-instalarse-en-la-capital","status":"publish","type":"post","link":"https:\/\/zonaroja.com.mx\/?p=82478","title":{"rendered":"Hay m\u00e1s de tres mil solicitudes de vendedores para instalarse en la capital"},"content":{"rendered":"\n<p>Ismael Garc\u00eda M.\/Zona Roja.<\/p>\n\n\n\n<p>Oaxaca, Oax., a 16 de julio de 2026.- El presidente municipal de Oaxaca de Ju\u00e1rez, Raymundo Chagoya Villanueva, revel\u00f3 que hay m\u00e1s de tres mil solicitudes de personas que quieren un permiso de venta para las fiestas de la Guelaguetza 2025.<\/p>\n\n\n\n<p>\u201cEso no es posible, el Centro Hist\u00f3rico es un espacio limitado y es adem\u00e1s p\u00fablico\u201d, dijo ayer durante su intervenci\u00f3n de la sesi\u00f3n ordinaria de Cabildo, en que se autoriz\u00f3 el dictamen para 681 puestos.<\/p>\n\n\n\n<p>Reiter\u00f3 que para esta ocasi\u00f3n se ha priorizado la protecci\u00f3n del patrimonio y el rescate del jard\u00edn \u201cEl Pa\u00f1uelito\u201d, en la calle de Gurri\u00f3n y primera de Constituci\u00f3n, por lo cual se decidi\u00f3 otros espacios.<\/p>\n\n\n\n<p>Uno de ellos ser\u00e1 en la calle de Macedonio Alcal\u00e1, donde tradicionalmente se han instalado las expoferias, y otro en la calle de Reforma, entre Constituci\u00f3n y Berrioz\u00e1bal.<\/p>\n\n\n\n<p>Y ante la inconformidad con un grupo de vecinos, dijo que se ha dialogado con ellos y se les ha explicado que es de manera temporal; que no se cerrar\u00e1 totalmente el tr\u00e1nsito vehicular y que se promover\u00e1 posteriormente el rescate de la zona.<\/p>\n\n\n\n<p>\u201cRecuperar el espacio de \u201cEl Pa\u00f1uelito\u201d es por la petici\u00f3n de vecinos; es orden sin autoritarismo; se ilumin\u00f3 el templo de Santo Domingo y se requiere aprovechar los espacios, pues un reclamo constante es que era un mercado; vamos a hacer un espacio cultural, vamos a recuperarlo\u201d, dijo.<\/p>\n\n\n\n<p>Indic\u00f3 que en el caso de la calle de Reforma, se tom\u00f3 la mejor decisi\u00f3n para instalar los locales de manera temporal, con infraestructura adecuada y se ha dialogado incluso personalmente con los vecinos.<\/p>\n\n\n\n<p>\u201cLo f\u00e1cil ser\u00eda seguir con la feria espacios hist\u00f3ricos; no se va a cortar la vialidad, habr\u00e1 un espacio para veh\u00edculos, no de carga, no de doble rodada; habr\u00e1 vigilancia vial para evitar dobles filas en toda la calle, habr\u00e1 atenci\u00f3n especial de la administraci\u00f3n municipal\u201d, destac\u00f3 Raymundo Chagoya.<\/p>\n\n\n\n<p>\u201cQueremos hacer algo diferente; lo sencillo es que siguiere (la expoferia) donde estuvo siempre. He hablado con todos los actores sociales de la zona, vamos a rescatar, vamos a seguir buscando alternativas para el reordenamiento\u201d, indic\u00f3.<\/p>\n\n\n\n<p>Con respecto a un grupo de artesanos que acusan que fueron ninguneadnos, expuso que desde la Secretar\u00eda de Gobierno municipal, que preside No\u00e9 Jara Cruz, y desde la Consejer\u00eda Jur\u00eddica se ha dialogado con ellas.<\/p>\n\n\n\n<p>Sin embargo, pretenden un mayor n\u00famero de espacios, cuando se les ha asignado en total 80 puestos, 40 en cada espacio.&nbsp;<\/p>\n\n\n\n<p>\u201cPiden condiciones muy especificas, un trato muy diferenciado, pero el gobierno municipal gobierna para todas y todos. Hay espacios para ellas, se habl\u00f3 con la defensora de Derechos Humanos para reiterar que los espacios est\u00e1n, s\u00f3lo que es un trato igualitario para todos\u201d, manifest\u00f3 el edil.<\/p>\n","protected":false},"excerpt":{"rendered":"<p>Ismael Garc\u00eda M.\/Zona Roja. Oaxaca, Oax., a 16 de julio de 2026.- El presidente municipal&hellip;<\/p>\n","protected":false},"author":2,"featured_media":82479,"comment_status":"closed","ping_status":"open","sticky":false,"template":"","format":"standard","meta":{"_lmt_disableupdate":"","_lmt_disable":"","_jetpack_memberships_contains_paid_content":false,"footnotes":""},"categories":[109,51],"tags":[4142],"class_list":["post-82478","post","type-post","status-publish","format-standard","has-post-thumbnail","hentry","category-minuto-a-minuto","category-zona-roja","tag-raymundo-chagoya"],"jetpack_featured_media_url":"https:\/\/zonaroja.com.mx\/wp-content\/uploads\/2025\/07\/Raymundo-Chagoya.jpg","jetpack_sharing_enabled":true,"_links":{"self":[{"href":"https:\/\/zonaroja.com.mx\/index.php?rest_route=\/wp\/v2\/posts\/82478","targetHints":{"allow":["GET"]}}],"collection":[{"href":"https:\/\/zonaroja.com.mx\/index.php?rest_route=\/wp\/v2\/posts"}],"about":[{"href":"https:\/\/zonaroja.com.mx\/index.php?rest_route=\/wp\/v2\/types\/post"}],"author":[{"embeddable":true,"href":"https:\/\/zonaroja.com.mx\/index.php?rest_route=\/wp\/v2\/users\/2"}],"replies":[{"embeddable":true,"href":"https:\/\/zonaroja.com.mx\/index.php?rest_route=%2Fwp%2Fv2%2Fcomments&post=82478"}],"version-history":[{"count":3,"href":"https:\/\/zonaroja.com.mx\/index.php?rest_route=\/wp\/v2\/posts\/82478\/revisions"}],"predecessor-version":[{"id":82494,"href":"https:\/\/zonaroja.com.mx\/index.php?rest_route=\/wp\/v2\/posts\/82478\/revisions\/82494"}],"wp:featuredmedia":[{"embeddable":true,"href":"https:\/\/zonaroja.com.mx\/index.php?rest_route=\/wp\/v2\/media\/82479"}],"wp:attachment":[{"href":"https:\/\/zonaroja.com.mx\/index.php?rest_route=%2Fwp%2Fv2%2Fmedia&parent=82478"}],"wp:term":[{"taxonomy":"category","embeddable":true,"href":"https:\/\/zonaroja.com.mx\/index.php?rest_route=%2Fwp%2Fv2%2Fcategories&post=82478"},{"taxonomy":"post_tag","embeddable":true,"href":"https:\/\/zonaroja.com.mx\/index.php?rest_route=%2Fwp%2Fv2%2Ftags&post=82478"}],"curies":[{"name":"wp","href":"https:\/\/api.w.org\/{rel}","templated":true}]}}