{"id":82498,"date":"2025-07-16T20:54:40","date_gmt":"2025-07-17T02:54:40","guid":{"rendered":"https:\/\/zonaroja.com.mx\/?p=82498"},"modified":"2025-07-16T21:02:12","modified_gmt":"2025-07-17T03:02:12","slug":"mantiene-ayuntamiento-dialogo-constante-con-comerciantes-y-gremios","status":"publish","type":"post","link":"https:\/\/zonaroja.com.mx\/?p=82498","title":{"rendered":"Mantiene ayuntamiento di\u00e1logo constante con comerciantes y gremios"},"content":{"rendered":"\n<p>Redacci\u00f3n\/Zona Roja.<\/p>\n\n\n\n<p>Oaxaca, Oax., a 16 de julio de 2025.\u2013 La autoridad municipal de Oaxaca de Ju\u00e1rez dio a conocer que mantiene comunicaci\u00f3n y di\u00e1logo constante con los comerciantes de los mercados, con la finalidad de atender sus planteamientos.<\/p>\n\n\n\n<p>En los \u00faltimos d\u00edas, la Secretar\u00eda de Gobierno y Territorio Municipal se reuni\u00f3 con directivas de la Organizaci\u00f3n Gastron\u00f3mica Tradicional Oaxaque\u00f1a, la Organizaci\u00f3n Transparencia y Fuerza as\u00ed como de la Uni\u00f3n de Carnes Asadas.\u00a0<\/p>\n\n\n\n<p>Participaron el regidor de Gobierno, Territorio y Normatividad, Jes\u00fas Quevedo Cort\u00e9s, y el director general de Regulaci\u00f3n y Atenci\u00f3n a Mercados, Daniel Gandarillas L\u00f3pez, quien acudi\u00f3 con la representaci\u00f3n del secretario No\u00e9 Jara Cruz.<\/p>\n\n\n\n<p>El concejal y la autoridad dialogaron con representantes del sector sobre el reglamento de mercados p\u00fablicos vigente.&nbsp;<\/p>\n\n\n\n<p>Esta reuni\u00f3n forma parte del seguimiento permanente que realiza la Direcci\u00f3n de Mercados a las solicitudes presentadas por concesionarios de los distintos mercados, con el objetivo de generar acciones coordinadas que permitan transitar a mejores pr\u00e1cticas administrativas y de ordenamiento municipal.&nbsp;<\/p>\n\n\n\n<p>El ayuntamiento que preside Raymundo Chagoya Villanueva, reafirm\u00f3 su compromiso con la mejora de la infraestructura, la atenci\u00f3n de calidad y el fortalecimiento de los mercados como centros vivos de identidad y desarrollo econ\u00f3mico para la ciudad.<\/p>\n","protected":false},"excerpt":{"rendered":"<p>Redacci\u00f3n\/Zona Roja. Oaxaca, Oax., a 16 de julio de 2025.\u2013 La autoridad municipal de Oaxaca&hellip;<\/p>\n","protected":false},"author":2,"featured_media":82499,"comment_status":"closed","ping_status":"open","sticky":false,"template":"","format":"standard","meta":{"_lmt_disableupdate":"","_lmt_disable":"","_jetpack_memberships_contains_paid_content":false,"footnotes":""},"categories":[109,46],"tags":[3305,4364],"class_list":["post-82498","post","type-post","status-publish","format-standard","has-post-thumbnail","hentry","category-minuto-a-minuto","category-zona-blanca","tag-noe-jara-cruz","tag-secretaria-de-gobierno-y-territorio-municipal-oaxaca"],"jetpack_featured_media_url":"https:\/\/zonaroja.com.mx\/wp-content\/uploads\/2025\/07\/Reunion-Secretaria-de-Gobierno-municipal-y-mercados.jpg","jetpack_sharing_enabled":true,"_links":{"self":[{"href":"https:\/\/zonaroja.com.mx\/index.php?rest_route=\/wp\/v2\/posts\/82498","targetHints":{"allow":["GET"]}}],"collection":[{"href":"https:\/\/zonaroja.com.mx\/index.php?rest_route=\/wp\/v2\/posts"}],"about":[{"href":"https:\/\/zonaroja.com.mx\/index.php?rest_route=\/wp\/v2\/types\/post"}],"author":[{"embeddable":true,"href":"https:\/\/zonaroja.com.mx\/index.php?rest_route=\/wp\/v2\/users\/2"}],"replies":[{"embeddable":true,"href":"https:\/\/zonaroja.com.mx\/index.php?rest_route=%2Fwp%2Fv2%2Fcomments&post=82498"}],"version-history":[{"count":2,"href":"https:\/\/zonaroja.com.mx\/index.php?rest_route=\/wp\/v2\/posts\/82498\/revisions"}],"predecessor-version":[{"id":82501,"href":"https:\/\/zonaroja.com.mx\/index.php?rest_route=\/wp\/v2\/posts\/82498\/revisions\/82501"}],"wp:featuredmedia":[{"embeddable":true,"href":"https:\/\/zonaroja.com.mx\/index.php?rest_route=\/wp\/v2\/media\/82499"}],"wp:attachment":[{"href":"https:\/\/zonaroja.com.mx\/index.php?rest_route=%2Fwp%2Fv2%2Fmedia&parent=82498"}],"wp:term":[{"taxonomy":"category","embeddable":true,"href":"https:\/\/zonaroja.com.mx\/index.php?rest_route=%2Fwp%2Fv2%2Fcategories&post=82498"},{"taxonomy":"post_tag","embeddable":true,"href":"https:\/\/zonaroja.com.mx\/index.php?rest_route=%2Fwp%2Fv2%2Ftags&post=82498"}],"curies":[{"name":"wp","href":"https:\/\/api.w.org\/{rel}","templated":true}]}}