{"id":8250,"date":"2020-01-31T08:41:01","date_gmt":"2020-01-31T14:41:01","guid":{"rendered":"http:\/\/www.zonaroja.com.mx\/?p=8250"},"modified":"2020-01-31T08:41:05","modified_gmt":"2020-01-31T14:41:05","slug":"en-oaxaca-se-refugiaba-presunto-jefe-regional-de-los-zetas","status":"publish","type":"post","link":"https:\/\/zonaroja.com.mx\/?p=8250","title":{"rendered":"En Oaxaca se refugiaba presunto jefe regional de \u201cLos Zetas\u201d"},"content":{"rendered":"\n<p>Redacci\u00f3n\/Zona Roja.<\/p>\n\n\n\n<p>Oaxaca de Ju\u00e1rez, Oax., 31 de enero de\n2020.- En Oaxaca se refugiaba el presunto jefe regional del c\u00e1rtel \u201cLos Zetas\u201d,\nJos\u00e9 Carmen \u201cN\u201d.<\/p>\n\n\n\n<p>Ayer, el gobierno de esta entidad, en\ncoordinaci\u00f3n con Veracruz, detuvo, sin precisar a\u00fan el lugar, a quien es\nconocido con los alias de \u201cEl Comandante Reyes\u201d, \u201cEl Conchas\u201d y\/o \u201cEl Pan\u201d, supuesto\njefe de plaza en doce municipios del estado vecino. <\/p>\n\n\n\n<p>De acuerdo con la Secretar\u00eda de\nSeguridad P\u00fablica de Veracruz, el presunto delincuente operaba en las regiones\nAcayucan, Oluta, Soconusco, J\u00e1ltipan, Chinameca, Cosoleacaque, Minatitl\u00e1n,\nCoatzacoalcos, Nanchital, Agua Dulce, Las Choapas y Soteapan. <\/p>\n\n\n\n<p>La dependencia dio a conocer que el\npresunto delincuente fue detenido en Oaxaca, aunque no dio detalles ni de d\u00f3nde\nni la forma, incluso, el secretario de Seguridad de Veracruz, Hugo Guti\u00e9rrez\nMaldonado,&nbsp; declar\u00f3 que \u201cGracias al apoyo\ndel Gobierno de Oaxaca se logr\u00f3 la detenci\u00f3n de Jos\u00e9 Carmen \u2018N\u2019, \u2018El Comandante\u2019\nReyes quien mantiene presencia en 12 municipios del sur de Veracruz\u201d.<\/p>\n\n\n\n<p>En tanto, a trav\u00e9s de un comunicado, el\ngobierno de Oaxaca presumi\u00f3: \u201cDetiene la SSPO a presunto l\u00edder de organizaci\u00f3n\ncriminal. La nueva reingenier\u00eda en materia de seguridad comienza a dar sus\nfrutos en el combate a la delincuencia\u201d.<\/p>\n","protected":false},"excerpt":{"rendered":"<p>Redacci\u00f3n\/Zona Roja. Oaxaca de Ju\u00e1rez, Oax., 31 de enero de 2020.- En Oaxaca se refugiaba&hellip;<\/p>\n","protected":false},"author":2,"featured_media":8251,"comment_status":"closed","ping_status":"open","sticky":false,"template":"","format":"standard","meta":{"_lmt_disableupdate":"","_lmt_disable":"","_jetpack_memberships_contains_paid_content":false,"footnotes":""},"categories":[109,51],"tags":[],"class_list":["post-8250","post","type-post","status-publish","format-standard","has-post-thumbnail","hentry","category-minuto-a-minuto","category-zona-roja"],"jetpack_featured_media_url":"https:\/\/zonaroja.com.mx\/wp-content\/uploads\/2020\/01\/SSPO-2.jpg","jetpack_sharing_enabled":true,"_links":{"self":[{"href":"https:\/\/zonaroja.com.mx\/index.php?rest_route=\/wp\/v2\/posts\/8250","targetHints":{"allow":["GET"]}}],"collection":[{"href":"https:\/\/zonaroja.com.mx\/index.php?rest_route=\/wp\/v2\/posts"}],"about":[{"href":"https:\/\/zonaroja.com.mx\/index.php?rest_route=\/wp\/v2\/types\/post"}],"author":[{"embeddable":true,"href":"https:\/\/zonaroja.com.mx\/index.php?rest_route=\/wp\/v2\/users\/2"}],"replies":[{"embeddable":true,"href":"https:\/\/zonaroja.com.mx\/index.php?rest_route=%2Fwp%2Fv2%2Fcomments&post=8250"}],"version-history":[{"count":2,"href":"https:\/\/zonaroja.com.mx\/index.php?rest_route=\/wp\/v2\/posts\/8250\/revisions"}],"predecessor-version":[{"id":8260,"href":"https:\/\/zonaroja.com.mx\/index.php?rest_route=\/wp\/v2\/posts\/8250\/revisions\/8260"}],"wp:featuredmedia":[{"embeddable":true,"href":"https:\/\/zonaroja.com.mx\/index.php?rest_route=\/wp\/v2\/media\/8251"}],"wp:attachment":[{"href":"https:\/\/zonaroja.com.mx\/index.php?rest_route=%2Fwp%2Fv2%2Fmedia&parent=8250"}],"wp:term":[{"taxonomy":"category","embeddable":true,"href":"https:\/\/zonaroja.com.mx\/index.php?rest_route=%2Fwp%2Fv2%2Fcategories&post=8250"},{"taxonomy":"post_tag","embeddable":true,"href":"https:\/\/zonaroja.com.mx\/index.php?rest_route=%2Fwp%2Fv2%2Ftags&post=8250"}],"curies":[{"name":"wp","href":"https:\/\/api.w.org\/{rel}","templated":true}]}}