{"id":82502,"date":"2025-07-16T22:08:23","date_gmt":"2025-07-17T04:08:23","guid":{"rendered":"https:\/\/zonaroja.com.mx\/?p=82502"},"modified":"2025-07-16T22:08:25","modified_gmt":"2025-07-17T04:08:25","slug":"protege-chevrolet-oaxaca-a-ex-gerente-acusado-de-fraude-y-acoso-sexual","status":"publish","type":"post","link":"https:\/\/zonaroja.com.mx\/?p=82502","title":{"rendered":"Protege Chevrolet Oaxaca a ex gerente, acusado de fraude y acoso sexual"},"content":{"rendered":"\n<p>Lisbeth Mej\u00eda Reyes\/Zona Roja.<\/p>\n\n\n\n<p>Oaxaca, Oax., 16 de julio de 2025.- Jos\u00e9 Rodolfo Barrera Rodr\u00edguez es el presunto responsable de fraude a clientes en la concesionaria Chevrolet Oaxaca, quien adem\u00e1s est\u00e1 acusado de acoso laboral y sexual.<\/p>\n\n\n\n<p>Sin embargo, a pesar de las denuncias actuales y anteriores, fue cambiado de sede \u00fanicamente y actualmente labora en el estado de Veracruz.<\/p>\n\n\n\n<p>Este mi\u00e9rcoles, por tercer d\u00eda consecutivo los defraudados por el Corporativo Grupo Diez-F\u00e9nix, concesionario de Chevrolet, protestaron y ahora bloquearon por unas horas el Perif\u00e9rico de la capital.<\/p>\n\n\n\n<p>En ese contexto, una ex trabajadora acus\u00f3 a la empresa de encubrir al presunto responsable de los fraudes en contra de decenas de propietarios de veh\u00edculos que se han manifestado en la ciudad de Oaxaca para exigir respuestas a la agencia de seminuevos.&nbsp;<\/p>\n\n\n\n<p>Adem\u00e1s de que demandaron la intervenci\u00f3n de la Fiscal\u00eda General del Estado de Oaxaca y de la Procuradur\u00eda Federal del Consumidor (Profeco) para recuperar sus unidades y obtener justicia.<\/p>\n\n\n\n<p>La Profeco se ha mantenido al margen de la situaci\u00f3n, pues hasta ahora ni la delegaci\u00f3n estatal ni la direcci\u00f3n federal se han pronunciado.&nbsp;<\/p>\n\n\n\n<p>La Fiscal\u00eda General del Estado de Oaxaca, ante la cual ya interpusieron sus denuncias varias de las personas afectadas, inform\u00f3 que junto con la Comisi\u00f3n Estatal de Atenci\u00f3n a V\u00edctimas (CEAV), la Secretar\u00eda de Gobierno (SEGO), \u00abatienden a las v\u00edctimas con el objetivo de construir rutas de atenci\u00f3n para recuperar los veh\u00edculos y el dinero que invirtieron, de acuerdo con las denuncias penales\u00bb. Tambi\u00e9n explic\u00f3 que por ahora se indagan presuntos fraudes cometidos por la empresa Mega Diez, pero que de no devolver los veh\u00edculos se podr\u00e1n configurar los delitos de robo.<\/p>\n\n\n\n<p>En el video difundido este mi\u00e9rcoles, la mujer identificada como Priscila A.T., se\u00f1al\u00f3 como presunto responsable de los delitos a Jos\u00e9 Rodolfo Barrera Rodr\u00edguez, a quien tambi\u00e9n denunci\u00f3 por acoso laboral hace tiempo.<\/p>\n\n\n\n<figure class=\"wp-block-embed is-type-rich is-provider-twitter wp-block-embed-twitter\"><div class=\"wp-block-embed__wrapper\">\n<div class=\"twitter-tweet\"><blockquote class=\"twitter-tweet\" data-lang=\"es\"><p lang=\"es\" dir=\"ltr\">Jos\u00e9 Rodolfo Barrera Rodr\u00edguez, el probable responsable de los fraudes en la agencia <a href=\"https:\/\/twitter.com\/hashtag\/Chevrolet?src=hash&amp;ref_src=twsrc%5Etfw\">#Chevrolet<\/a>  <a href=\"https:\/\/twitter.com\/hashtag\/Oaxaca?src=hash&amp;ref_src=twsrc%5Etfw\">#Oaxaca<\/a>, no solamente cometi\u00f3 il\u00edcitos, sino tambi\u00e9n est\u00e1 denunciado de acosador sexual y laboral; aqu\u00ed el testimonio de una de las afectadas: <a href=\"https:\/\/t.co\/pfrcP3uiUB\">pic.twitter.com\/pfrcP3uiUB<\/a><\/p>&mdash; Zona Roja Oaxaca (@ZonaRoja_Oaxaca) <a href=\"https:\/\/twitter.com\/ZonaRoja_Oaxaca\/status\/1945580144309006479?ref_src=twsrc%5Etfw\">16 de julio de 2025<\/a><\/blockquote><\/div>\n<\/div><\/figure>\n\n\n\n<p>\u00abEste se\u00f1or es como muchas personas, lamentablemente, que hay en nuestro pa\u00eds, que hizo un fraude may\u00fasculo de millones de pesos, que se involucr\u00f3 en la vida personal y profesional de muchas, muchas, personas, atentando hasta con su salud, con su vida, y que ahorita se desempe\u00f1a como gerente general de la marca BYD en Coatzacoalcos arropado por el mismo Grupo Diez, que le dio poder y que le dio mucha riqueza\u00bb, explic\u00f3 Priscila.<\/p>\n\n\n\n<p>\u00c9l es el operador principal, apunt\u00f3 la ex empleada, aunque aclar\u00f3 que ni la empresa ni los trabajadores actuales o anteriores est\u00e1n exentos de responsabilidad. \u00abLa persona que est\u00e1 detr\u00e1s de todas esas operaciones y que las avala y que las promueve es \u00e9l, Jos\u00e9 Rodolfo. Ahorita, \u00e9l, como los pol\u00edticos de nuestros gobiernos, es el que m\u00e1s dinero se llev\u00f3, el que hizo posible est\u00e1s operaciones y no hay ninguna sanci\u00f3n de su parte\u00bb.<\/p>\n\n\n\n<p>Estas no son las primeras denuncias en contra de la agencia de seminuevos de Grupo Diez-F\u00e9nix en Oaxaca, que adem\u00e1s tiene agencias en el estado: en San Pablo Etla y Huatulco, y otras en los estados de Veracruz y Puebla.<\/p>\n\n\n\n<p>Al alentar a las y los afectados a seguir en su lucha, Priscila record\u00f3 que en el a\u00f1o 2023 un cliente denunci\u00f3 ante la Profeco y la Fiscal\u00eda un fraude de 300 mil pesos a su patrimonio.&nbsp;<\/p>\n\n\n\n<p>\u00abLa demanda prosper\u00f3 porque todas las operaciones se hicieron dentro de las instalaciones de Chevrolet Oaxaca, en este caso Perif\u00e9rico 302. Claro que puede involucrarse a la empresa porque ustedes fueron a Chevrolet Oaxaca y esas personas en ese momento ten\u00edan una relaci\u00f3n contractual con el Grupo Diez. Entonces que no les digan que se deslindan porque fueron actos de fraude y de corrupci\u00f3n por parte de estos trabajadores en su momento\u00bb.<\/p>\n\n\n\n<p>BAJO LUPA<\/p>\n\n\n\n<p>Adem\u00e1s de las denuncias en contra de la agencia de autos en Oaxaca, otras concesionarias del pa\u00eds se han visto envueltas en pol\u00e9mica por incumplir con sus clientes.<\/p>\n\n\n\n<p>En marzo, un joven de nombre Antonio denunci\u00f3 en redes sociales que su camioneta fue usada indebidamente luego de que la dej\u00f3 en reparaci\u00f3n en la agencia Ford Jalisco Motors, en Guadalajara.<\/p>\n\n\n\n<p>Antes, en enero, una mujer protest\u00f3 afuera de la agencia MG en Reynosa, Tamaulipas, porque la empresa no le quer\u00eda hacer v\u00e1lida la garant\u00eda por la compra de su veh\u00edculo, el cual hab\u00eda presentado fallas.<\/p>\n","protected":false},"excerpt":{"rendered":"<p>Lisbeth Mej\u00eda Reyes\/Zona Roja. Oaxaca, Oax., 16 de julio de 2025.- Jos\u00e9 Rodolfo Barrera Rodr\u00edguez&hellip;<\/p>\n","protected":false},"author":2,"featured_media":82503,"comment_status":"closed","ping_status":"open","sticky":false,"template":"","format":"standard","meta":{"_lmt_disableupdate":"","_lmt_disable":"","_jetpack_memberships_contains_paid_content":false,"footnotes":""},"categories":[109,47],"tags":[2866],"class_list":["post-82502","post","type-post","status-publish","format-standard","has-post-thumbnail","hentry","category-minuto-a-minuto","category-zona-gris","tag-chevrolet-oaxaca"],"jetpack_featured_media_url":"https:\/\/zonaroja.com.mx\/wp-content\/uploads\/2025\/07\/Chevrolet-Oaxaca.jpg.webp","jetpack_sharing_enabled":true,"_links":{"self":[{"href":"https:\/\/zonaroja.com.mx\/index.php?rest_route=\/wp\/v2\/posts\/82502","targetHints":{"allow":["GET"]}}],"collection":[{"href":"https:\/\/zonaroja.com.mx\/index.php?rest_route=\/wp\/v2\/posts"}],"about":[{"href":"https:\/\/zonaroja.com.mx\/index.php?rest_route=\/wp\/v2\/types\/post"}],"author":[{"embeddable":true,"href":"https:\/\/zonaroja.com.mx\/index.php?rest_route=\/wp\/v2\/users\/2"}],"replies":[{"embeddable":true,"href":"https:\/\/zonaroja.com.mx\/index.php?rest_route=%2Fwp%2Fv2%2Fcomments&post=82502"}],"version-history":[{"count":1,"href":"https:\/\/zonaroja.com.mx\/index.php?rest_route=\/wp\/v2\/posts\/82502\/revisions"}],"predecessor-version":[{"id":82504,"href":"https:\/\/zonaroja.com.mx\/index.php?rest_route=\/wp\/v2\/posts\/82502\/revisions\/82504"}],"wp:featuredmedia":[{"embeddable":true,"href":"https:\/\/zonaroja.com.mx\/index.php?rest_route=\/wp\/v2\/media\/82503"}],"wp:attachment":[{"href":"https:\/\/zonaroja.com.mx\/index.php?rest_route=%2Fwp%2Fv2%2Fmedia&parent=82502"}],"wp:term":[{"taxonomy":"category","embeddable":true,"href":"https:\/\/zonaroja.com.mx\/index.php?rest_route=%2Fwp%2Fv2%2Fcategories&post=82502"},{"taxonomy":"post_tag","embeddable":true,"href":"https:\/\/zonaroja.com.mx\/index.php?rest_route=%2Fwp%2Fv2%2Ftags&post=82502"}],"curies":[{"name":"wp","href":"https:\/\/api.w.org\/{rel}","templated":true}]}}