{"id":82508,"date":"2025-07-17T08:15:00","date_gmt":"2025-07-17T14:15:00","guid":{"rendered":"https:\/\/zonaroja.com.mx\/?p=82508"},"modified":"2025-07-17T07:11:52","modified_gmt":"2025-07-17T13:11:52","slug":"otra-del-poder-judicial-protege-a-directivos-del-colegio-francoise-dolto","status":"publish","type":"post","link":"https:\/\/zonaroja.com.mx\/?p=82508","title":{"rendered":"Otra del Poder Judicial: protege a directivos del colegio \u201cFrancoise Dolto\u201d"},"content":{"rendered":"\n<p>Raymundo Morales\/Zona Roja.<\/p>\n\n\n\n<p>Oaxaca, Oax., a 17 de febrero de 2026.- Un juez del Poder Judicial del Estado de Oaxaca determin\u00f3 reclasificar el delito de lesiones dolosas a culposas cometido presuntamente por directivos del colegio \u201cFrancoise Dolto\u201d y con ello orden\u00f3 que contin\u00faen el proceso pero en libertad.<\/p>\n\n\n\n<p>Aunado a ello, orden\u00f3 que la Fiscal\u00eda General del Estado elimine las fichas de b\u00fasqueda de Jhonatan Daniel Islas Salda\u00f1a y Ariela Cristal S\u00e1nchez Moreno, adem\u00e1s de que la instituci\u00f3n no deber\u00e1 mencionarlos m\u00e1s en sus comunicaciones p\u00fablicas.<\/p>\n\n\n\n<p>Esta semana, el juez vincul\u00f3 a proceso a Jhonatan Daniel y Ariela Cristal, se\u00f1alados de responsables del incendio ocurrido el pasado 29 de abril de este a\u00f1o en dicho plantel ubicado en la capital, en que resultaron quemados varios menores de edad, al menos dos de ellos de gravedad.<\/p>\n\n\n\n<p>Y es que luego de estar pr\u00f3fugos de la ley, las citadas personas reaparecieron para enfrentar la justicia pero con amparos federales, con la finalidad de evitar ser detenidos.<\/p>\n\n\n\n<p>Tras la determinaci\u00f3n del juez local, lograron evitar la prisi\u00f3n preventiva y acudir\u00e1n \u00fanicamente a firmar cada 15 d\u00edas, en tanto contin\u00faa el proceso judicial.<\/p>\n\n\n\n<p>Familiares de los menores de edad v\u00edctima de quemaduras lamentaron la determinaci\u00f3n del juez, a pesar de las evidencias y de los da\u00f1os que sufrieron sus hijos.<\/p>\n\n\n\n<p>A dos meses y medio del caso, la Fiscal\u00eda General de Oaxaca ha logrado la vinculaci\u00f3n a proceso de seis personas, entre ellos a quienes presuntamente sustrajeron indicios y alteraron las evidencias de los hechos.<\/p>\n","protected":false},"excerpt":{"rendered":"<p>Raymundo Morales\/Zona Roja. Oaxaca, Oax., a 17 de febrero de 2026.- Un juez del Poder&hellip;<\/p>\n","protected":false},"author":2,"featured_media":79990,"comment_status":"closed","ping_status":"open","sticky":false,"template":"","format":"standard","meta":{"_lmt_disableupdate":"","_lmt_disable":"","_jetpack_memberships_contains_paid_content":false,"footnotes":""},"categories":[109,47],"tags":[4292],"class_list":["post-82508","post","type-post","status-publish","format-standard","has-post-thumbnail","hentry","category-minuto-a-minuto","category-zona-gris","tag-colegio-francoise-dolto-oaxaca"],"jetpack_featured_media_url":"https:\/\/zonaroja.com.mx\/wp-content\/uploads\/2025\/05\/Instituto-Francoise-Dolto-asegurado-por-Fiscalia.jpg","jetpack_sharing_enabled":true,"_links":{"self":[{"href":"https:\/\/zonaroja.com.mx\/index.php?rest_route=\/wp\/v2\/posts\/82508","targetHints":{"allow":["GET"]}}],"collection":[{"href":"https:\/\/zonaroja.com.mx\/index.php?rest_route=\/wp\/v2\/posts"}],"about":[{"href":"https:\/\/zonaroja.com.mx\/index.php?rest_route=\/wp\/v2\/types\/post"}],"author":[{"embeddable":true,"href":"https:\/\/zonaroja.com.mx\/index.php?rest_route=\/wp\/v2\/users\/2"}],"replies":[{"embeddable":true,"href":"https:\/\/zonaroja.com.mx\/index.php?rest_route=%2Fwp%2Fv2%2Fcomments&post=82508"}],"version-history":[{"count":1,"href":"https:\/\/zonaroja.com.mx\/index.php?rest_route=\/wp\/v2\/posts\/82508\/revisions"}],"predecessor-version":[{"id":82509,"href":"https:\/\/zonaroja.com.mx\/index.php?rest_route=\/wp\/v2\/posts\/82508\/revisions\/82509"}],"wp:featuredmedia":[{"embeddable":true,"href":"https:\/\/zonaroja.com.mx\/index.php?rest_route=\/wp\/v2\/media\/79990"}],"wp:attachment":[{"href":"https:\/\/zonaroja.com.mx\/index.php?rest_route=%2Fwp%2Fv2%2Fmedia&parent=82508"}],"wp:term":[{"taxonomy":"category","embeddable":true,"href":"https:\/\/zonaroja.com.mx\/index.php?rest_route=%2Fwp%2Fv2%2Fcategories&post=82508"},{"taxonomy":"post_tag","embeddable":true,"href":"https:\/\/zonaroja.com.mx\/index.php?rest_route=%2Fwp%2Fv2%2Ftags&post=82508"}],"curies":[{"name":"wp","href":"https:\/\/api.w.org\/{rel}","templated":true}]}}