{"id":82517,"date":"2025-07-17T11:45:00","date_gmt":"2025-07-17T17:45:00","guid":{"rendered":"https:\/\/zonaroja.com.mx\/?p=82517"},"modified":"2025-07-17T08:01:34","modified_gmt":"2025-07-17T14:01:34","slug":"asesinan-a-balazos-a-dos-policias-en-culiacan-sinaloa","status":"publish","type":"post","link":"https:\/\/zonaroja.com.mx\/?p=82517","title":{"rendered":"Asesinan a balazos a dos polic\u00edas en Culiac\u00e1n, Sinaloa"},"content":{"rendered":"\n<p>Redacci\u00f3n\/Zona Roja Cdmx.<\/p>\n\n\n\n<p>Ciudad de M\u00e9xico, a 17 de julio de 2025.- En un lapso de 24 horas, dos polic\u00edas han sido asesinados en Culiac\u00e1n, Sinaloa.<\/p>\n\n\n\n<p>El m\u00e1s reciente caso ocurri\u00f3 anoche en la colonia Libertad, en que un grupo armado atac\u00f3 al polic\u00eda municipal Ricardo Eleno \u201cN\u201d, quien perdi\u00f3 la vida al instante.<\/p>\n\n\n\n<p>El hoy occiso conduc\u00eda una camioneta color Roja, sobre la avenida Maquio Clouthier, cuando hombres armados que viajaban en un n\u00famero a\u00fan no determinado de unidades motrices lo comenzaron a perseguir a balazos.<\/p>\n\n\n\n<p>El agente Ricardo Eleno \u201cN\u201d, de 44 a\u00f1os de edad, quien se encontraba en su d\u00eda de descanso, por varios minutos logr\u00f3 eludir los ataques con armas autom\u00e1ticas, hasta ser alcanzado por las detonaciones de los fusiles autom\u00e1ticos, por lo que la unidad que conduc\u00eda dio un viraje y qued\u00f3 en sentido contrario a la circulaci\u00f3n.<\/p>\n\n\n\n<p>En tanto, David Crist\u00f3bal, comandante de la polic\u00eda estatal de Sinaloa, apodado \u201cNitro\u201d, fue asesinado el martes a balazos en un ataque perpetrado en la ciudad de Culiac\u00e1n, alrededor de las 13:40 horas.<\/p>\n\n\n\n<p>Autoridades de seguridad informaron que la agresi\u00f3n fue cometida en el bulevar Pedro Infante, cuando el mando y otros ocupantes viajaban en una camioneta, la cual fue interceptada por un grupo de hombres armados que abrieron fuego en su contra; una mujer result\u00f3 herida.<\/p>\n\n\n\n<p>Con el homicidio de David Crist\u00f3bal suman 43 elementos policiacos asesinados a partir de que comenz\u00f3 una guerra entre las dos principales facciones del c\u00e1rtel de Sinaloa, el pasado 9 de septiembre.&nbsp;<\/p>\n\n\n\n<p>La lesionada, que seg\u00fan trascendi\u00f3, ser\u00eda su pareja sentimental, fue trasladada a la Cruz Roja.<\/p>\n\n\n\n<p>(Con informaci\u00f3n de \u201cEl Universal\u201d y \u201cLa Jornada\u201d)<\/p>\n","protected":false},"excerpt":{"rendered":"<p>Redacci\u00f3n\/Zona Roja Cdmx. Ciudad de M\u00e9xico, a 17 de julio de 2025.- En un lapso&hellip;<\/p>\n","protected":false},"author":2,"featured_media":82518,"comment_status":"closed","ping_status":"open","sticky":false,"template":"","format":"standard","meta":{"_lmt_disableupdate":"","_lmt_disable":"","_jetpack_memberships_contains_paid_content":false,"footnotes":""},"categories":[109,51],"tags":[1335],"class_list":["post-82517","post","type-post","status-publish","format-standard","has-post-thumbnail","hentry","category-minuto-a-minuto","category-zona-roja","tag-culiacan-sinaloa"],"jetpack_featured_media_url":"https:\/\/zonaroja.com.mx\/wp-content\/uploads\/2025\/07\/Asesinado-Culiacan-Sinaloa.jpg","jetpack_sharing_enabled":true,"_links":{"self":[{"href":"https:\/\/zonaroja.com.mx\/index.php?rest_route=\/wp\/v2\/posts\/82517","targetHints":{"allow":["GET"]}}],"collection":[{"href":"https:\/\/zonaroja.com.mx\/index.php?rest_route=\/wp\/v2\/posts"}],"about":[{"href":"https:\/\/zonaroja.com.mx\/index.php?rest_route=\/wp\/v2\/types\/post"}],"author":[{"embeddable":true,"href":"https:\/\/zonaroja.com.mx\/index.php?rest_route=\/wp\/v2\/users\/2"}],"replies":[{"embeddable":true,"href":"https:\/\/zonaroja.com.mx\/index.php?rest_route=%2Fwp%2Fv2%2Fcomments&post=82517"}],"version-history":[{"count":1,"href":"https:\/\/zonaroja.com.mx\/index.php?rest_route=\/wp\/v2\/posts\/82517\/revisions"}],"predecessor-version":[{"id":82519,"href":"https:\/\/zonaroja.com.mx\/index.php?rest_route=\/wp\/v2\/posts\/82517\/revisions\/82519"}],"wp:featuredmedia":[{"embeddable":true,"href":"https:\/\/zonaroja.com.mx\/index.php?rest_route=\/wp\/v2\/media\/82518"}],"wp:attachment":[{"href":"https:\/\/zonaroja.com.mx\/index.php?rest_route=%2Fwp%2Fv2%2Fmedia&parent=82517"}],"wp:term":[{"taxonomy":"category","embeddable":true,"href":"https:\/\/zonaroja.com.mx\/index.php?rest_route=%2Fwp%2Fv2%2Fcategories&post=82517"},{"taxonomy":"post_tag","embeddable":true,"href":"https:\/\/zonaroja.com.mx\/index.php?rest_route=%2Fwp%2Fv2%2Ftags&post=82517"}],"curies":[{"name":"wp","href":"https:\/\/api.w.org\/{rel}","templated":true}]}}