{"id":82520,"date":"2025-07-17T12:07:00","date_gmt":"2025-07-17T18:07:00","guid":{"rendered":"https:\/\/zonaroja.com.mx\/?p=82520"},"modified":"2025-07-17T09:22:51","modified_gmt":"2025-07-17T15:22:51","slug":"arranca-segunda-temporada-del-club-de-lectura-wilfrido-lopez-torres","status":"publish","type":"post","link":"https:\/\/zonaroja.com.mx\/?p=82520","title":{"rendered":"Arranca segunda temporada del Club de Lectura \u201cWilfrido L\u00f3pez Torres\u201d"},"content":{"rendered":"\n<p>Redacci\u00f3n\/Zona Roja.<\/p>\n\n\n\n<p>Oaxaca, Oax., a 17 de julio de 2025.- Promotores del periodismo en Oaxaca celebraron la segunda reuni\u00f3n para elaborar el Programa de Formaci\u00f3n Lectora y Escritura Period\u00edstica 2025-2028, adem\u00e1s de definir el inicio de la segunda la segunda temporada del Club de Lectura de Periodismo \u201cWilfrido L\u00f3pez Torres\u201d.<\/p>\n\n\n\n<p>El encuentro reuni\u00f3 a Francisco J.\u202fS\u00e1nchez, coordinador del Conversatorio de Periodismo, a la maestra Mar\u00eda Cristina Salazar Acevedo, coordinadora general del club, y a la maestra Sandra Ramos Rojas, coordinadora adjunta, quienes definieron un primer borrador.&nbsp;<\/p>\n\n\n\n<p>El grupo organizador abord\u00f3 el diagn\u00f3stico inicial del programa, identific\u00f3 la necesidad de fortalecer la lectura cr\u00edtica y la escritura reflexiva entre periodistas y personas interesadas, ante un entorno marcado por sobrecarga informativa y deterioro del lenguaje profesional.<\/p>\n\n\n\n<p>Por otra parte, confirmaron que el prop\u00f3sito de esta segunda temporada, que se desarrollar\u00e1 de agosto a diciembre, es ofrecer un \u201cespacio para dialogar, leer, escribir y pensar\u201d, con especial atenci\u00f3n a la inclusi\u00f3n de personas que no est\u00e1n familiarizadas con el periodismo.<\/p>\n\n\n\n<p>Integrantes del club de lectura de periodismo, que rinde homenaje al periodista oaxaque\u00f1o Wilfrido L\u00f3pez Torres, fallecido en septiembre de 2024, formaron parte de una delegaci\u00f3n que compiti\u00f3 con \u00e9xito en la 11\u00aa edici\u00f3n del Mundial de Escritura en julio de 2025, alcanzando la etapa de semifinales.<\/p>\n","protected":false},"excerpt":{"rendered":"<p>Redacci\u00f3n\/Zona Roja. Oaxaca, Oax., a 17 de julio de 2025.- Promotores del periodismo en Oaxaca&hellip;<\/p>\n","protected":false},"author":2,"featured_media":82521,"comment_status":"closed","ping_status":"open","sticky":false,"template":"","format":"standard","meta":{"_lmt_disableupdate":"","_lmt_disable":"","_jetpack_memberships_contains_paid_content":false,"footnotes":""},"categories":[109,46],"tags":[],"class_list":["post-82520","post","type-post","status-publish","format-standard","has-post-thumbnail","hentry","category-minuto-a-minuto","category-zona-blanca"],"jetpack_featured_media_url":"https:\/\/zonaroja.com.mx\/wp-content\/uploads\/2025\/07\/Wilfrido-Lopez-Torres.jpg","jetpack_sharing_enabled":true,"_links":{"self":[{"href":"https:\/\/zonaroja.com.mx\/index.php?rest_route=\/wp\/v2\/posts\/82520","targetHints":{"allow":["GET"]}}],"collection":[{"href":"https:\/\/zonaroja.com.mx\/index.php?rest_route=\/wp\/v2\/posts"}],"about":[{"href":"https:\/\/zonaroja.com.mx\/index.php?rest_route=\/wp\/v2\/types\/post"}],"author":[{"embeddable":true,"href":"https:\/\/zonaroja.com.mx\/index.php?rest_route=\/wp\/v2\/users\/2"}],"replies":[{"embeddable":true,"href":"https:\/\/zonaroja.com.mx\/index.php?rest_route=%2Fwp%2Fv2%2Fcomments&post=82520"}],"version-history":[{"count":1,"href":"https:\/\/zonaroja.com.mx\/index.php?rest_route=\/wp\/v2\/posts\/82520\/revisions"}],"predecessor-version":[{"id":82522,"href":"https:\/\/zonaroja.com.mx\/index.php?rest_route=\/wp\/v2\/posts\/82520\/revisions\/82522"}],"wp:featuredmedia":[{"embeddable":true,"href":"https:\/\/zonaroja.com.mx\/index.php?rest_route=\/wp\/v2\/media\/82521"}],"wp:attachment":[{"href":"https:\/\/zonaroja.com.mx\/index.php?rest_route=%2Fwp%2Fv2%2Fmedia&parent=82520"}],"wp:term":[{"taxonomy":"category","embeddable":true,"href":"https:\/\/zonaroja.com.mx\/index.php?rest_route=%2Fwp%2Fv2%2Fcategories&post=82520"},{"taxonomy":"post_tag","embeddable":true,"href":"https:\/\/zonaroja.com.mx\/index.php?rest_route=%2Fwp%2Fv2%2Ftags&post=82520"}],"curies":[{"name":"wp","href":"https:\/\/api.w.org\/{rel}","templated":true}]}}