{"id":82523,"date":"2025-07-17T12:23:00","date_gmt":"2025-07-17T18:23:00","guid":{"rendered":"https:\/\/zonaroja.com.mx\/?p=82523"},"modified":"2025-07-17T09:27:20","modified_gmt":"2025-07-17T15:27:20","slug":"pasara-20-anos-en-prision-un-violador-de-la-ciudad-de-oaxaca","status":"publish","type":"post","link":"https:\/\/zonaroja.com.mx\/?p=82523","title":{"rendered":"Pasar\u00e1 20 a\u00f1os en prisi\u00f3n un violador de la ciudad de Oaxaca"},"content":{"rendered":"\n<p>Redacci\u00f3n\/Zona Roja.&nbsp;<\/p>\n\n\n\n<p>Oaxaca, Oax., a 17 de julio de 2025.- Como parte de las acciones para atender en forma prioritaria la investigaci\u00f3n de delitos cometidos en contra de ni\u00f1as, ni\u00f1os y adolescentes, la Fiscal\u00eda General del Estado de Oaxaca (FGEO) obtuvo una sentencia condenatoria de 20 a\u00f1os y tres meses de prisi\u00f3n en contra de una persona del sexo masculino identificada como Emilio L.G., por el delito de violaci\u00f3n agravada cometida en agravio de una ni\u00f1a, hechos ocurridos en la regi\u00f3n de Valles Centrales.<\/p>\n\n\n\n<p>De acuerdo con el expediente, los hechos ocurrieron cuando la v\u00edctima -cuyos datos est\u00e1n reservados por ley- ten\u00eda nueve a\u00f1os de edad y se encontraba de vacaciones en un domicilio familiar localizado en la agencia municipal del Ejido Guadalupe Victoria perteneciente a la ciudad de Oaxaca de Ju\u00e1rez, lugar donde fue sometida por el imputado quien aprovech\u00f3 la ausencia de los familiares para agredirla sexualmente.<\/p>\n\n\n\n<p>Derivado de la denuncia penal, la FGEO inici\u00f3 las investigaciones a trav\u00e9s de la Vicefiscal\u00eda General de Control Regional, adem\u00e1s realiz\u00f3 los trabajos ministeriales correspondientes, lo que permiti\u00f3 obtener una orden de aprehensi\u00f3n en contra del imputado y llevarlo ante el Juez que lo requiri\u00f3.<\/p>\n\n\n\n<p>Tras el desahogo de las pruebas presentadas por la Fiscal\u00eda de Oaxaca, el Juez de la causa dict\u00f3 sentencia condenatoria de 20 a\u00f1os y tres meses de prisi\u00f3n en contra de Emilio L.G., por el delito de violaci\u00f3n agravada, adem\u00e1s de imponer una multa econ\u00f3mica y el pago por reparaci\u00f3n del da\u00f1o en abstracto.<\/p>\n\n\n\n<p>OTRO VIOLADOR<\/p>\n\n\n\n<p>En otro caso y como resultado de las investigaciones enfocadas en garantizar los derechos a una vida libre de violencia para ni\u00f1as, ni\u00f1os y adolescentes, la Fiscal\u00eda General obtuvo una sentencia condenatoria de 14 a\u00f1os de prisi\u00f3n en contra de un hombre identificado como Albertosi V.O., responsable del delito de violaci\u00f3n en agravio de un adolescente, ocurrido en la regi\u00f3n de los Valles Centrales.<\/p>\n\n\n\n<p>De acuerdo con el expediente penal del caso, los hechos ocurrieron el 22 de marzo de 2022, cuando la v\u00edctima (un adolescente de 13 a\u00f1os de edad, cuya identidad est\u00e1 reservada por ley), se encontraba en calles c\u00e9ntricas del municipio de Ocotl\u00e1n de Morelos, cuando fue sorprendido por el hoy sentenciado quien lo oblig\u00f3 a subirse a su unidad de motor para despu\u00e9s agredirlo de manera sexual.<\/p>\n\n\n\n<p>Ante estos hechos y tras la denuncia presentada, la FGEO inici\u00f3 una exhaustiva investigaci\u00f3n a trav\u00e9s de la Vicefiscal\u00eda Regional de Valles Centrales, la cual permiti\u00f3 aprehender al responsable, para despu\u00e9s presentarlo ante el Juez e iniciar su proceso legal correspondiente.<\/p>\n\n\n\n<p>En audiencia y tras evaluar los datos de prueba emanados de las investigaciones ministeriales de la Fiscal\u00eda, el Tribunal de Enjuiciamiento dict\u00f3 sentencia condenatoria de 14 a\u00f1os de prisi\u00f3n en contra de Albertosi V.O., adem\u00e1s de imponer una multa econ\u00f3mica y el pago por concepto de reparaci\u00f3n del da\u00f1o en abstracto, luego de demostrar su responsabilidad en la comisi\u00f3n del delito de violaci\u00f3n.<\/p>\n","protected":false},"excerpt":{"rendered":"<p>Redacci\u00f3n\/Zona Roja.&nbsp; Oaxaca, Oax., a 17 de julio de 2025.- Como parte de las acciones&hellip;<\/p>\n","protected":false},"author":2,"featured_media":68561,"comment_status":"closed","ping_status":"open","sticky":false,"template":"","format":"standard","meta":{"_lmt_disableupdate":"","_lmt_disable":"","_jetpack_memberships_contains_paid_content":false,"footnotes":""},"categories":[109,46],"tags":[494],"class_list":["post-82523","post","type-post","status-publish","format-standard","has-post-thumbnail","hentry","category-minuto-a-minuto","category-zona-blanca","tag-fiscalia-general-del-estado-de-oaxaca"],"jetpack_featured_media_url":"https:\/\/zonaroja.com.mx\/wp-content\/uploads\/2024\/05\/Encarcelados-carcel-prision.jpeg","jetpack_sharing_enabled":true,"_links":{"self":[{"href":"https:\/\/zonaroja.com.mx\/index.php?rest_route=\/wp\/v2\/posts\/82523","targetHints":{"allow":["GET"]}}],"collection":[{"href":"https:\/\/zonaroja.com.mx\/index.php?rest_route=\/wp\/v2\/posts"}],"about":[{"href":"https:\/\/zonaroja.com.mx\/index.php?rest_route=\/wp\/v2\/types\/post"}],"author":[{"embeddable":true,"href":"https:\/\/zonaroja.com.mx\/index.php?rest_route=\/wp\/v2\/users\/2"}],"replies":[{"embeddable":true,"href":"https:\/\/zonaroja.com.mx\/index.php?rest_route=%2Fwp%2Fv2%2Fcomments&post=82523"}],"version-history":[{"count":1,"href":"https:\/\/zonaroja.com.mx\/index.php?rest_route=\/wp\/v2\/posts\/82523\/revisions"}],"predecessor-version":[{"id":82524,"href":"https:\/\/zonaroja.com.mx\/index.php?rest_route=\/wp\/v2\/posts\/82523\/revisions\/82524"}],"wp:featuredmedia":[{"embeddable":true,"href":"https:\/\/zonaroja.com.mx\/index.php?rest_route=\/wp\/v2\/media\/68561"}],"wp:attachment":[{"href":"https:\/\/zonaroja.com.mx\/index.php?rest_route=%2Fwp%2Fv2%2Fmedia&parent=82523"}],"wp:term":[{"taxonomy":"category","embeddable":true,"href":"https:\/\/zonaroja.com.mx\/index.php?rest_route=%2Fwp%2Fv2%2Fcategories&post=82523"},{"taxonomy":"post_tag","embeddable":true,"href":"https:\/\/zonaroja.com.mx\/index.php?rest_route=%2Fwp%2Fv2%2Ftags&post=82523"}],"curies":[{"name":"wp","href":"https:\/\/api.w.org\/{rel}","templated":true}]}}