{"id":82525,"date":"2025-07-17T13:27:00","date_gmt":"2025-07-17T19:27:00","guid":{"rendered":"https:\/\/zonaroja.com.mx\/?p=82525"},"modified":"2025-07-17T09:28:15","modified_gmt":"2025-07-17T15:28:15","slug":"estalla-huelga-de-trabajadores-agricolas-de-california-protestan-por-redadas","status":"publish","type":"post","link":"https:\/\/zonaroja.com.mx\/?p=82525","title":{"rendered":"Estalla huelga de trabajadores agr\u00edcolas de California; protestan por redadas"},"content":{"rendered":"\n<p>Redacci\u00f3n\/Zona Roja Cdmx.<\/p>\n\n\n\n<p>Ciudad de M\u00e9xico, a 17 de julio de 2025.- Los trabajadores agr\u00edcolas de California que iniciaron una huelga de tres d\u00edas en protesta por las recientes redadas migratorias, demandaron que se establezca una v\u00eda para el reconocimiento legal de los inmigrantes indocumentados que trabajan en el campo estadunidense.<\/p>\n\n\n\n<p>En el contexto de la llamada \u201cHuelga por la dignidad\u201d, los organizadores llamaron a los migrantes que laboran como jornaleros a unirse al paro \u201cpara defender nuestros derechos y hacer que nos valoren\u201d. Dos de sus exigencias son que se detengan las redadas migratorias y que el Congreso de Estados Unidos apruebe una v\u00eda a la ciudadan\u00eda para los trabajadores agr\u00edcolas.<\/p>\n\n\n\n<p>Y es que seg\u00fan estimaciones del propio gobierno estadunidense, m\u00e1s del 40 por ciento de los trabajadores del campo en Estados Unidos son migrantes indocumentados.<\/p>\n\n\n\n<p>Luego de las redadas llevadas a cabo en el sur del estado por autoridades federales, que resultaron en m\u00e1s de 360 detenciones y la muerte de Jaime Alanis, un trabajador mexicano, organizaciones comunitarias, activistas y l\u00edderes del sector agr\u00edcola convocaron a un paro de labores que inici\u00f3 este mi\u00e9rcoles.<\/p>\n\n\n\n<p>Las redadas, realizadas por el Servicio de Inmigraci\u00f3n y Control de Aduanas (ICE) y la Oficina de Aduanas y Protecci\u00f3n Fronteriza (CBP), se concentraron principalmente en granjas de cannabis del sur de California. Sin embargo, seg\u00fan denunciaron organizaciones civiles, tambi\u00e9n afectaron a jornaleros que buscaban empleo en tiendas como Home Depot y a otros inmigrantes que, a pesar de no tener antecedentes penales, fueron arrestados en las operaciones.<\/p>\n\n\n\n<p>\u201cPor demasiado tiempo hemos cosechado la abundancia de esta tierra mientras viv\u00edamos en la escasez. Por demasiado tiempo hemos sacrificado nuestra salud, nuestra juventud, nuestras familias, todo sin la retenci\u00f3n b\u00e1sica de la ciudadan\u00eda\u201d, expresaron varios trabajadores en una rueda de prensa celebrada en Los \u00c1ngeles, seg\u00fan reportaron medios estadunidenses.<\/p>\n\n\n\n<p>Flor Mart\u00ednez Zaragoza, activista e influencer conocida por su trabajo con la organizaci\u00f3n Celebration Nation, se\u00f1al\u00f3 durante una conferencia de prensa en la Placita Olvera que esta huelga es una respuesta directa a las redadas que han sembrado miedo y desestabilizado comunidades enteras en California y otros estados. \u201cLa Huelga por la Dignidad es resultado de las m\u00faltiples redadas que se han estado llevando a cabo en el estado de California y en todo el pa\u00eds\u201d, afirm\u00f3.<\/p>\n\n\n\n<p>(Informaci\u00f3n de \u201cLa Jornada\u201d)<\/p>\n","protected":false},"excerpt":{"rendered":"<p>Redacci\u00f3n\/Zona Roja Cdmx. Ciudad de M\u00e9xico, a 17 de julio de 2025.- Los trabajadores agr\u00edcolas&hellip;<\/p>\n","protected":false},"author":2,"featured_media":82307,"comment_status":"closed","ping_status":"open","sticky":false,"template":"","format":"standard","meta":{"_lmt_disableupdate":"","_lmt_disable":"","_jetpack_memberships_contains_paid_content":false,"footnotes":""},"categories":[109,47],"tags":[4332],"class_list":["post-82525","post","type-post","status-publish","format-standard","has-post-thumbnail","hentry","category-minuto-a-minuto","category-zona-gris","tag-redada-de-migrantes-estados-unidos"],"jetpack_featured_media_url":"https:\/\/zonaroja.com.mx\/wp-content\/uploads\/2025\/07\/Redada-migrantes-campos-Ventura-California-EU.avif","jetpack_sharing_enabled":true,"_links":{"self":[{"href":"https:\/\/zonaroja.com.mx\/index.php?rest_route=\/wp\/v2\/posts\/82525","targetHints":{"allow":["GET"]}}],"collection":[{"href":"https:\/\/zonaroja.com.mx\/index.php?rest_route=\/wp\/v2\/posts"}],"about":[{"href":"https:\/\/zonaroja.com.mx\/index.php?rest_route=\/wp\/v2\/types\/post"}],"author":[{"embeddable":true,"href":"https:\/\/zonaroja.com.mx\/index.php?rest_route=\/wp\/v2\/users\/2"}],"replies":[{"embeddable":true,"href":"https:\/\/zonaroja.com.mx\/index.php?rest_route=%2Fwp%2Fv2%2Fcomments&post=82525"}],"version-history":[{"count":1,"href":"https:\/\/zonaroja.com.mx\/index.php?rest_route=\/wp\/v2\/posts\/82525\/revisions"}],"predecessor-version":[{"id":82526,"href":"https:\/\/zonaroja.com.mx\/index.php?rest_route=\/wp\/v2\/posts\/82525\/revisions\/82526"}],"wp:featuredmedia":[{"embeddable":true,"href":"https:\/\/zonaroja.com.mx\/index.php?rest_route=\/wp\/v2\/media\/82307"}],"wp:attachment":[{"href":"https:\/\/zonaroja.com.mx\/index.php?rest_route=%2Fwp%2Fv2%2Fmedia&parent=82525"}],"wp:term":[{"taxonomy":"category","embeddable":true,"href":"https:\/\/zonaroja.com.mx\/index.php?rest_route=%2Fwp%2Fv2%2Fcategories&post=82525"},{"taxonomy":"post_tag","embeddable":true,"href":"https:\/\/zonaroja.com.mx\/index.php?rest_route=%2Fwp%2Fv2%2Ftags&post=82525"}],"curies":[{"name":"wp","href":"https:\/\/api.w.org\/{rel}","templated":true}]}}