{"id":82527,"date":"2025-07-17T18:20:14","date_gmt":"2025-07-18T00:20:14","guid":{"rendered":"https:\/\/zonaroja.com.mx\/?p=82527"},"modified":"2025-07-17T18:20:18","modified_gmt":"2025-07-18T00:20:18","slug":"escalan-a-profeco-quejas-por-presuntos-fraudes-de-agencia-mega-diez-oaxaca","status":"publish","type":"post","link":"https:\/\/zonaroja.com.mx\/?p=82527","title":{"rendered":"Escalan a Profeco quejas por presuntos fraudes de agencia Mega Diez Oaxaca\u00a0"},"content":{"rendered":"\n<p>Lisbeth Mej\u00eda Reyes\/Zona Roja.<\/p>\n\n\n\n<p>Oaxaca, Oax., a 17 de julio de 2025.- Tras las protestas de afectados por la agencia de veh\u00edculos Mega Diez Oaxaca, distribuidora Chevrolet, parte del Corporativo Grupo Diez-F\u00e9nix, la oficina estatal de la Procuradur\u00eda Federal del Consumidor (Profeco) inform\u00f3 este jueves que se reuni\u00f3 con 16 personas \u00abpara brindarles la asesor\u00eda y acompa\u00f1amiento\u00bb en los casos de su competencia.<\/p>\n\n\n\n<p>De esta reuni\u00f3n de trabajo derivaron ocho quejas, explic\u00f3 la Oficina de Defensa del Consumidor Zona Benito Ju\u00e1rez, a cargo de Mar\u00eda de Lourdes Santiago Cruz. De las quejas, \u00abtres se conciliaron de manera inmediata a satisfacci\u00f3n de consumidores, quienes recuperaron el monto de la reclamaci\u00f3n\u00bb.&nbsp;<\/p>\n\n\n\n<p>\u00abEn dos casos m\u00e1s se acord\u00f3 con la agencia el cumplimiento de las condiciones de entrega del veh\u00edculo y de la garant\u00eda y en los siguientes tres casos se les brind\u00f3 la asesor\u00eda para la radicaci\u00f3n formal de la queja por un presumible incumplimiento de la garant\u00eda\u00bb, detall\u00f3 la Profeco Oaxaca, al asegurar \u00abque dar\u00e1 seguimiento al procedimiento en apego a la legalidad\u00bb.<\/p>\n\n\n\n<p>De acuerdo con el bolet\u00edn de la Profeco, la reuni\u00f3n con las personas afectadas fue en coordinaci\u00f3n con la representaci\u00f3n de la Secretar\u00eda de Gobierno, la Fiscal\u00eda General del Estado de Oaxaca y la Comisi\u00f3n Estatal de V\u00edctimas, instancias a las que \u00ables corresponden el seguimiento de los otros casos denunciados en los que se presumen la comisi\u00f3n de delitos patrimoniales\u00bb.&nbsp;<\/p>\n\n\n\n<p>Adem\u00e1s de las quejas ante la Profeco, otros casos est\u00e1n en manos de la Fiscal\u00eda General del Estado de Oaxaca, instituci\u00f3n que tambi\u00e9n inform\u00f3 recientemente sobre la apertura de carpetas de investigaci\u00f3n por presuntos fraudes. Sin embargo, adelant\u00f3 la posibilidad de que el incumplimiento de la empresa se investigue tambi\u00e9n por el delito de robo.<\/p>\n\n\n\n<p>Por este caso, una ex empleada de la empresa acus\u00f3 a Jos\u00e9 Rodolfo Barrera Rodr\u00edguez, ex gerente de la filial oaxaque\u00f1a, como el responsable de los fraudes millonarios y que ya hay antecedentes de los mismos al menos desde el 2023.<\/p>\n\n\n\n<p>Priscila AT, quien demand\u00f3 por acoso a Barrera Rodr\u00edguez, tambi\u00e9n se\u00f1al\u00f3 al Corporativo Grupo Diez-F\u00e9nix por encubrir al presunto responsable de los fraudes en contra de decenas de propietarios de veh\u00edculos que se han manifestado en la ciudad de Oaxaca para exigir respuestas a la agencia de seminuevos que manejan varias marcas de veh\u00edculos.<\/p>\n\n\n\n<p>El Corporativo Diez-F\u00e9nix tiene otras agencias de seminuevos en Huatulco y San Pablo Etla, adem\u00e1s de los estados de Puebla y Veracruz. Sin embargo, hasta el momento tampoco ha emitido una postura sobre las acusaciones en contra de la agencia de la capital oaxaque\u00f1a y de Jos\u00e9 Rodolfo Barrera Rodr\u00edguez.<\/p>\n","protected":false},"excerpt":{"rendered":"<p>Lisbeth Mej\u00eda Reyes\/Zona Roja. Oaxaca, Oax., a 17 de julio de 2025.- Tras las protestas&hellip;<\/p>\n","protected":false},"author":2,"featured_media":82528,"comment_status":"closed","ping_status":"open","sticky":false,"template":"","format":"standard","meta":{"_lmt_disableupdate":"","_lmt_disable":"","_jetpack_memberships_contains_paid_content":false,"footnotes":""},"categories":[109,46],"tags":[2866],"class_list":["post-82527","post","type-post","status-publish","format-standard","has-post-thumbnail","hentry","category-minuto-a-minuto","category-zona-blanca","tag-chevrolet-oaxaca"],"jetpack_featured_media_url":"https:\/\/zonaroja.com.mx\/wp-content\/uploads\/2025\/07\/Quejas-Profeco-Oaxaca-Chevrolet.jpg","jetpack_sharing_enabled":true,"_links":{"self":[{"href":"https:\/\/zonaroja.com.mx\/index.php?rest_route=\/wp\/v2\/posts\/82527","targetHints":{"allow":["GET"]}}],"collection":[{"href":"https:\/\/zonaroja.com.mx\/index.php?rest_route=\/wp\/v2\/posts"}],"about":[{"href":"https:\/\/zonaroja.com.mx\/index.php?rest_route=\/wp\/v2\/types\/post"}],"author":[{"embeddable":true,"href":"https:\/\/zonaroja.com.mx\/index.php?rest_route=\/wp\/v2\/users\/2"}],"replies":[{"embeddable":true,"href":"https:\/\/zonaroja.com.mx\/index.php?rest_route=%2Fwp%2Fv2%2Fcomments&post=82527"}],"version-history":[{"count":1,"href":"https:\/\/zonaroja.com.mx\/index.php?rest_route=\/wp\/v2\/posts\/82527\/revisions"}],"predecessor-version":[{"id":82529,"href":"https:\/\/zonaroja.com.mx\/index.php?rest_route=\/wp\/v2\/posts\/82527\/revisions\/82529"}],"wp:featuredmedia":[{"embeddable":true,"href":"https:\/\/zonaroja.com.mx\/index.php?rest_route=\/wp\/v2\/media\/82528"}],"wp:attachment":[{"href":"https:\/\/zonaroja.com.mx\/index.php?rest_route=%2Fwp%2Fv2%2Fmedia&parent=82527"}],"wp:term":[{"taxonomy":"category","embeddable":true,"href":"https:\/\/zonaroja.com.mx\/index.php?rest_route=%2Fwp%2Fv2%2Fcategories&post=82527"},{"taxonomy":"post_tag","embeddable":true,"href":"https:\/\/zonaroja.com.mx\/index.php?rest_route=%2Fwp%2Fv2%2Ftags&post=82527"}],"curies":[{"name":"wp","href":"https:\/\/api.w.org\/{rel}","templated":true}]}}