{"id":82532,"date":"2025-07-17T18:41:57","date_gmt":"2025-07-18T00:41:57","guid":{"rendered":"https:\/\/zonaroja.com.mx\/?p=82532"},"modified":"2025-07-17T18:42:00","modified_gmt":"2025-07-18T00:42:00","slug":"defiende-edil-ray-chagoya-ajustes-en-expoferias-de-guelaguetza","status":"publish","type":"post","link":"https:\/\/zonaroja.com.mx\/?p=82532","title":{"rendered":"Defiende edil Ray Chagoya ajustes en expoferias de Guelaguetza"},"content":{"rendered":"\n<p>Lisbeth Mej\u00eda Reyes\/Zona Roja.<\/p>\n\n\n\n<p>Oaxaca, Oax., a 17 de julio de 2025.- El presidente municipal de Oaxaca de Ju\u00e1rez, Raymundo Chagoya Villanueva, defendi\u00f3 los ajustes de las tres expoferias artesanales que, por las fiestas de Guelaguetza, autoriz\u00f3 el Cabildo el pasado martes.&nbsp;<\/p>\n\n\n\n<p>Las decisiones, dijo hoy en conferencia de prensa, se tomaron pensando en el derecho al trabajo, la promoci\u00f3n artesanal, el orden y el respeto a los comerciales establecidos y vecinos.<\/p>\n\n\n\n<p>Tambi\u00e9n se\u00f1al\u00f3 que fueron 550 los permisos aprobados y que por cada uno \u00abal municipio se le pagan 580 pesos\u00bb.&nbsp;<\/p>\n\n\n\n<p>Con base en esos datos, se estima que el ayuntamiento recibi\u00f3 un total de 319 mil pesos, cifra que de acuerdo con el dictamen tuvo que ingresar a la tesorer\u00eda previo a la instalaci\u00f3n de los puestos.<\/p>\n\n\n\n<p>El costo de las carpas empleadas para las tres expoferias (en las calles Macedonio Alcal\u00e1 y La Reforma, as\u00ed como en la jard\u00edn Antonia Labastida) es por cuenta de las y los artesanos, pero bajo un trato directo con la empresa, asegur\u00f3 el concejal.<\/p>\n\n\n\n<p>\u00abEs un acuerdo entre particulares, el municipio no le paga nada al de la carpa, no es nuestro proveedor\u00bb, expres\u00f3 el concejal al detallar que el ayuntamiento \u00abse encarga de dar la gobernabilidad y organizaci\u00f3n para que salga bien armado como va a salir ahorita\u00bb.&nbsp;<\/p>\n\n\n\n<p>Sin embargo, dijo que se busc\u00f3 a un proveedor de calidad, a fin de que no volviera a ocurrir un colapso de la estructura como en la temporada de Semana Santa en la calle Constituci\u00f3n.<\/p>\n\n\n\n<p>Este jueves, durante la conferencia semanal que se realiz\u00f3 en la agencia Santa Rosa Panzacola, Chagoya Villanueva detall\u00f3 que al municipio llegaron m\u00e1s de tres mil solicitudes para permisos temporales, incluso a trav\u00e9s de presidentes de otros municipios que buscaban espacios para artesanos de esas comunidades.<\/p>\n\n\n\n<p>Sobre la queja de un grupo de adheridos a la Asociaci\u00f3n de Comunidades Ind\u00edgenas Artesanos de Oaxaca, acus\u00f3 cerraz\u00f3n de parte del mismo por exigir un n\u00famero de permisos y una ubicaci\u00f3n en concreto. De acuerdo con el edil, se le propusieron 80 espacios repartidos en dos sedes, pero no aceptaron.<\/p>\n\n\n\n<p>\u00abEn lo que no vamos a caer, por el orden con las y los dem\u00e1s artesanos, es en caprichos. No vamos a caer en la cerraz\u00f3n. Al gobierno pasado, el a\u00f1o pasado, trataron de presionarlo mucho y primero no pagaron el tema de los derechos al municipio, se aferraron a unos espacios en espec\u00edfico y por la falta de decisi\u00f3n es que se cay\u00f3 en estos vicios\u00bb, apunt\u00f3.<\/p>\n\n\n\n<p>El lunes, antes de la aprobaci\u00f3n de los permisos, la asociaci\u00f3n anunci\u00f3 que desist\u00eda de participar en las expoferias, al denunciar que sus integrantes fueron v\u00edctimas de violencia digital y que el ayuntamiento pretend\u00eda cobrarles miles de pesos.<\/p>\n","protected":false},"excerpt":{"rendered":"<p>Lisbeth Mej\u00eda Reyes\/Zona Roja. Oaxaca, Oax., a 17 de julio de 2025.- El presidente municipal&hellip;<\/p>\n","protected":false},"author":2,"featured_media":82533,"comment_status":"closed","ping_status":"open","sticky":false,"template":"","format":"standard","meta":{"_lmt_disableupdate":"","_lmt_disable":"","_jetpack_memberships_contains_paid_content":false,"footnotes":""},"categories":[109,47],"tags":[148,4142],"class_list":["post-82532","post","type-post","status-publish","format-standard","has-post-thumbnail","hentry","category-minuto-a-minuto","category-zona-gris","tag-oaxaca-de-juarez","tag-raymundo-chagoya"],"jetpack_featured_media_url":"https:\/\/zonaroja.com.mx\/wp-content\/uploads\/2025\/07\/Conferencia-Ray-Chagoya.jpeg","jetpack_sharing_enabled":true,"_links":{"self":[{"href":"https:\/\/zonaroja.com.mx\/index.php?rest_route=\/wp\/v2\/posts\/82532","targetHints":{"allow":["GET"]}}],"collection":[{"href":"https:\/\/zonaroja.com.mx\/index.php?rest_route=\/wp\/v2\/posts"}],"about":[{"href":"https:\/\/zonaroja.com.mx\/index.php?rest_route=\/wp\/v2\/types\/post"}],"author":[{"embeddable":true,"href":"https:\/\/zonaroja.com.mx\/index.php?rest_route=\/wp\/v2\/users\/2"}],"replies":[{"embeddable":true,"href":"https:\/\/zonaroja.com.mx\/index.php?rest_route=%2Fwp%2Fv2%2Fcomments&post=82532"}],"version-history":[{"count":1,"href":"https:\/\/zonaroja.com.mx\/index.php?rest_route=\/wp\/v2\/posts\/82532\/revisions"}],"predecessor-version":[{"id":82534,"href":"https:\/\/zonaroja.com.mx\/index.php?rest_route=\/wp\/v2\/posts\/82532\/revisions\/82534"}],"wp:featuredmedia":[{"embeddable":true,"href":"https:\/\/zonaroja.com.mx\/index.php?rest_route=\/wp\/v2\/media\/82533"}],"wp:attachment":[{"href":"https:\/\/zonaroja.com.mx\/index.php?rest_route=%2Fwp%2Fv2%2Fmedia&parent=82532"}],"wp:term":[{"taxonomy":"category","embeddable":true,"href":"https:\/\/zonaroja.com.mx\/index.php?rest_route=%2Fwp%2Fv2%2Fcategories&post=82532"},{"taxonomy":"post_tag","embeddable":true,"href":"https:\/\/zonaroja.com.mx\/index.php?rest_route=%2Fwp%2Fv2%2Ftags&post=82532"}],"curies":[{"name":"wp","href":"https:\/\/api.w.org\/{rel}","templated":true}]}}