{"id":82538,"date":"2025-07-18T07:15:00","date_gmt":"2025-07-18T13:15:00","guid":{"rendered":"https:\/\/zonaroja.com.mx\/?p=82538"},"modified":"2025-07-18T06:48:02","modified_gmt":"2025-07-18T12:48:02","slug":"sin-la-seccion-22-marchan-maestros-de-la-cnte-en-la-cdmx","status":"publish","type":"post","link":"https:\/\/zonaroja.com.mx\/?p=82538","title":{"rendered":"Sin la Secci\u00f3n 22, marchan maestros de la CNTE en la Cdmx\u00a0"},"content":{"rendered":"\n<p>Redacci\u00f3n\/Zona Roja.<\/p>\n\n\n\n<p>Oaxaca, Oax., a 18 de julio de 2025.- Integrantes de la Coordinadora Nacional de Trabajadores de la Educaci\u00f3n (CNTE) realizaron este jueves una movilizaci\u00f3n desde las oficinas de la Autoridad Educativa Federal en la Ciudad de M\u00e9xico (AEFCM), ubicadas en la calle Xocongo, rumbo al Z\u00f3calo capitalino.&nbsp;<\/p>\n\n\n\n<p>El objetivo de la marcha fue entregar un documento dirigido a la presidenta Claudia Sheinbaum, en el cual exponen demandas laborales y educativas.<\/p>\n\n\n\n<p>En la jornada participaron docentes de las secciones 9, 10, 11 y 60 de la CNTE. Entre los principales planteamientos entregados a la Presidencia se encuentran la revisi\u00f3n del padr\u00f3n de trabajadores que han reportado descuentos injustificados en su salario y la solicitud de ampliar la cobertura de becas para hijos de personal educativo.<\/p>\n\n\n\n<p>Durante el trayecto, el dirigente Pedro Hern\u00e1ndez inform\u00f3 que la movilizaci\u00f3n se enmarca en una pausa de actividades posterior al cierre del ciclo escolar. Se\u00f1al\u00f3 que el gremio se encuentra en un proceso de reorganizaci\u00f3n de su agenda de trabajo, la cual contempla encuentros con autoridades educativas en los pr\u00f3ximos d\u00edas para abordar asuntos pendientes.<\/p>\n\n\n\n<p>Uno de los puntos centrales expuestos por Hern\u00e1ndez fue la insistencia de la CNTE en instalar una mesa de di\u00e1logo de car\u00e1cter tripartito. Esta mesa, explic\u00f3, deber\u00eda contar con la participaci\u00f3n del secretario de Educaci\u00f3n, Mario Delgado; la secretaria de Gobernaci\u00f3n, Rosa Icela Rodr\u00edguez; y el director general del ISSSTE, Mart\u00ed Batres. Seg\u00fan el dirigente, dicha reuni\u00f3n ha sido postergada en tres ocasiones, a pesar de ser considerada clave para atender demandas relacionadas con condiciones laborales, prestaciones y servicios m\u00e9dicos.<\/p>\n\n\n\n<p>LA MISIVA<\/p>\n\n\n\n<p>La carta fue entregada a la Presidencia. Sin embargo, hasta el cierre de esta nota, no ha habido respuesta por parte de las autoridades federales. La marcha se realiz\u00f3 sin incidentes reportados y concluy\u00f3 en la Plaza de la Constituci\u00f3n, donde se reiter\u00f3 el llamado a establecer canales formales de interlocuci\u00f3n con el gobierno federal.<\/p>\n\n\n\n<p>De acuerdo con la coordinadora magisterial, las reuniones que se prev\u00e9n para la pr\u00f3xima semana buscan avanzar en la resoluci\u00f3n de temas administrativos y contractuales que han permanecido sin respuesta durante los \u00faltimos meses.<\/p>\n\n\n\n<p>Entre ellos, destacan ajustes al sistema de pagos, regularizaci\u00f3n de personal y seguimiento a compromisos adquiridos por autoridades anteriores.<\/p>\n\n\n\n<p>De acuerdo con el gobierno capitalino, en la marcha participaron alrededor de 200 maestros de forma activa, seg\u00fan los c\u00e1lculos de la Secretar\u00eda de Seguridad Ciudadana. La protesta se llev\u00f3 a cabo de manera pac\u00edfica y no se registraron contratiempos.<\/p>\n\n\n\n<p>(Informaci\u00f3n de Infobae M\u00e9xico)<\/p>\n","protected":false},"excerpt":{"rendered":"<p>Redacci\u00f3n\/Zona Roja. Oaxaca, Oax., a 18 de julio de 2025.- Integrantes de la Coordinadora Nacional&hellip;<\/p>\n","protected":false},"author":2,"featured_media":80612,"comment_status":"closed","ping_status":"open","sticky":false,"template":"","format":"standard","meta":{"_lmt_disableupdate":"","_lmt_disable":"","_jetpack_memberships_contains_paid_content":false,"footnotes":""},"categories":[109,46],"tags":[],"class_list":["post-82538","post","type-post","status-publish","format-standard","has-post-thumbnail","hentry","category-minuto-a-minuto","category-zona-blanca"],"jetpack_featured_media_url":"https:\/\/zonaroja.com.mx\/wp-content\/uploads\/2025\/05\/CNTE-magisterio-Coordinaroda-Nacional.jpg","jetpack_sharing_enabled":true,"_links":{"self":[{"href":"https:\/\/zonaroja.com.mx\/index.php?rest_route=\/wp\/v2\/posts\/82538","targetHints":{"allow":["GET"]}}],"collection":[{"href":"https:\/\/zonaroja.com.mx\/index.php?rest_route=\/wp\/v2\/posts"}],"about":[{"href":"https:\/\/zonaroja.com.mx\/index.php?rest_route=\/wp\/v2\/types\/post"}],"author":[{"embeddable":true,"href":"https:\/\/zonaroja.com.mx\/index.php?rest_route=\/wp\/v2\/users\/2"}],"replies":[{"embeddable":true,"href":"https:\/\/zonaroja.com.mx\/index.php?rest_route=%2Fwp%2Fv2%2Fcomments&post=82538"}],"version-history":[{"count":1,"href":"https:\/\/zonaroja.com.mx\/index.php?rest_route=\/wp\/v2\/posts\/82538\/revisions"}],"predecessor-version":[{"id":82539,"href":"https:\/\/zonaroja.com.mx\/index.php?rest_route=\/wp\/v2\/posts\/82538\/revisions\/82539"}],"wp:featuredmedia":[{"embeddable":true,"href":"https:\/\/zonaroja.com.mx\/index.php?rest_route=\/wp\/v2\/media\/80612"}],"wp:attachment":[{"href":"https:\/\/zonaroja.com.mx\/index.php?rest_route=%2Fwp%2Fv2%2Fmedia&parent=82538"}],"wp:term":[{"taxonomy":"category","embeddable":true,"href":"https:\/\/zonaroja.com.mx\/index.php?rest_route=%2Fwp%2Fv2%2Fcategories&post=82538"},{"taxonomy":"post_tag","embeddable":true,"href":"https:\/\/zonaroja.com.mx\/index.php?rest_route=%2Fwp%2Fv2%2Ftags&post=82538"}],"curies":[{"name":"wp","href":"https:\/\/api.w.org\/{rel}","templated":true}]}}