{"id":8254,"date":"2020-01-31T13:39:08","date_gmt":"2020-01-31T19:39:08","guid":{"rendered":"https:\/\/www.zonaroja.com.mx\/?p=8254"},"modified":"2020-01-31T13:39:11","modified_gmt":"2020-01-31T19:39:11","slug":"marcha-catem-para-exigir-renuncia-de-titular-de-la-sspo-por-incapacidad","status":"publish","type":"post","link":"https:\/\/zonaroja.com.mx\/?p=8254","title":{"rendered":"Marcha CATEM para exigir renuncia de titular de la SSPO, por incapacidad"},"content":{"rendered":"\n<p>Evlin Arag\u00f3n\/Zona Roja.&nbsp;<\/p>\n\n\n\n<p>Oaxaca de Ju\u00e1rez, Oax., 31 de enero de 2020.-&nbsp;<\/p>\n\n\n\n<p>Decenas de transportistas adheridos a la Confederaci\u00f3n Aut\u00f3noma de Trabajadores y Empleados de M\u00e9xico (CATEM) demandaron&nbsp;<a href=\"\/\/0\">este viernes<\/a>&nbsp;la renuncia del titular de la Secretaria de Seguridad P\u00fablica, Ra\u00fal Salcedo Rosales, a quien acusan de omisi\u00f3n ante la persecuci\u00f3n y hostigamiento del que han sido objeto sus dirigente por parte de grupos delincuenciales.<\/p>\n\n\n\n<p>Desde temprana hora, con sus respectivas unidades de transporte, hicieron presencia en los cruceros viales de Trinidad de Viguera, San Sebati\u00e1n Tutla y Aeropuerto para salir en marcha-caravana hacia el Paseo Ju\u00e1rez \u201cEl Llano\u201d en donde de forma pac\u00edfica protestaran para exigir mayor seguridad para el gremio que se enfrenta tambi\u00e9n a otros sindicatos por la disputa de espacios, pasajes y obras en construcci\u00f3n.<\/p>\n\n\n\n<p>Lo anterior provoc\u00f3 complicaciones de tr\u00e1nsito en la mayor parte de la ciudad que vio afectadas sus vialidades con la presencia de decenas de mototaxis, pipas, camiones de volteo, entre otras unidades de carga adheridas al CATEM y que participaron en la movilizaci\u00f3n anunciada&nbsp;<a href=\"\/\/1\">desde la noche<\/a>&nbsp;de ayer jueves.<\/p>\n\n\n\n<p>El secretario general de la gremial, Jaime Paz, reclam\u00f3 los m\u00e1s de siete asesinatos de l\u00edderes transportistas registrados en los \u00faltimos meses, el m\u00e1s reciente el de \u00c9dgar Iv\u00e1n L.L., ocurrido la noche del mi\u00e9rcoles en inmediaciones de Tlalixtac de Cabrera y frente a su familia y sin que las autoridades puedan hacer nada al respecto.<\/p>\n\n\n\n<p>Y es que de acuerdo con los dichos de integrantes de la CATEM, el hoy occiso hab\u00eda solicitado medidas de protecci\u00f3n a la Fiscal\u00eda General de Estado de Oaxaca, luego del homicidio de su t\u00edo Juan Luis Mart\u00ednez, sin embargo la autoridad neg\u00f3 la situaci\u00f3n y asegur\u00f3 que no existe una carpeta de investigaci\u00f3n que ameritar\u00e1 dichas acciones.<\/p>\n\n\n\n<p>\u201cCondenamos la persecuci\u00f3n y asesinatos en nuestra contra por delincuentes que operan al margen de la ley pues gozan de la protecci\u00f3n de los que manejan las instituciones de seguridad y justicia en Oaxaca. Por eso, demando la renuncia del titular de Seguridad P\u00fablica, Ra\u00fal Salcedo\u201d, dijo en diversos medios locales de informaci\u00f3n.<\/p>\n\n\n\n<p>Por lo anterior realizaron&nbsp;<a href=\"\/\/6\">este viernes<\/a>&nbsp;su marcha pacifica para solicitar la puntual actuaci\u00f3n de las autoridades de la Fiscal\u00eda a quien le piden justicia para sus compa\u00f1eros ca\u00eddos y no fabricar delitos; as\u00ed como a las secretarias de Seguridad y Movilidad garantizar la seguridad de sus agremiados y la realizaci\u00f3n de operativos contra el pirataje, respectivamente.&nbsp;&nbsp;<\/p>\n\n\n\n<p>Las movilizaciones se replican en las regiones del Istmo, Costa y Mixteca donde tambi\u00e9n existe presencia de la gremial, particularmente en Salina Cruz, Ixtepec, Puerto Escondido, Pochutla y Huajuapan de Le\u00f3n.&nbsp;<\/p>\n\n\n\n<p>Esta semana integrantes del Consejo Ind\u00edgena Popular de Oaxaca \u201cRicardo Flores Mag\u00f3n\u201d (CIPO-RFM) tambi\u00e9n denunciaron el aumento incontrolable de la inseguridad y violencia en la entidad oaxaque\u00f1a y pidieron la renuncia del titular de Ernesto Salcedo Rosales, secretario de Seguridad P\u00fablica, a quien acusan de no cumplir con su obligaci\u00f3n de garantizar seguridad.<\/p>\n","protected":false},"excerpt":{"rendered":"<p>Evlin Arag\u00f3n\/Zona Roja.&nbsp; Oaxaca de Ju\u00e1rez, Oax., 31 de enero de 2020.-&nbsp; Decenas de transportistas&hellip;<\/p>\n","protected":false},"author":2,"featured_media":8253,"comment_status":"closed","ping_status":"open","sticky":false,"template":"","format":"standard","meta":{"_lmt_disableupdate":"","_lmt_disable":"","_jetpack_memberships_contains_paid_content":false,"footnotes":""},"categories":[109,47],"tags":[1069],"class_list":["post-8254","post","type-post","status-publish","format-standard","has-post-thumbnail","hentry","category-minuto-a-minuto","category-zona-gris","tag-confederacion-autonoma-de-trabajadores-y-empleados-de-mexico-catem"],"jetpack_featured_media_url":"https:\/\/zonaroja.com.mx\/wp-content\/uploads\/2020\/01\/7e4c615d-9f72-41f3-b2b7-3180c8723856.jpg","jetpack_sharing_enabled":true,"_links":{"self":[{"href":"https:\/\/zonaroja.com.mx\/index.php?rest_route=\/wp\/v2\/posts\/8254","targetHints":{"allow":["GET"]}}],"collection":[{"href":"https:\/\/zonaroja.com.mx\/index.php?rest_route=\/wp\/v2\/posts"}],"about":[{"href":"https:\/\/zonaroja.com.mx\/index.php?rest_route=\/wp\/v2\/types\/post"}],"author":[{"embeddable":true,"href":"https:\/\/zonaroja.com.mx\/index.php?rest_route=\/wp\/v2\/users\/2"}],"replies":[{"embeddable":true,"href":"https:\/\/zonaroja.com.mx\/index.php?rest_route=%2Fwp%2Fv2%2Fcomments&post=8254"}],"version-history":[{"count":1,"href":"https:\/\/zonaroja.com.mx\/index.php?rest_route=\/wp\/v2\/posts\/8254\/revisions"}],"predecessor-version":[{"id":8255,"href":"https:\/\/zonaroja.com.mx\/index.php?rest_route=\/wp\/v2\/posts\/8254\/revisions\/8255"}],"wp:featuredmedia":[{"embeddable":true,"href":"https:\/\/zonaroja.com.mx\/index.php?rest_route=\/wp\/v2\/media\/8253"}],"wp:attachment":[{"href":"https:\/\/zonaroja.com.mx\/index.php?rest_route=%2Fwp%2Fv2%2Fmedia&parent=8254"}],"wp:term":[{"taxonomy":"category","embeddable":true,"href":"https:\/\/zonaroja.com.mx\/index.php?rest_route=%2Fwp%2Fv2%2Fcategories&post=8254"},{"taxonomy":"post_tag","embeddable":true,"href":"https:\/\/zonaroja.com.mx\/index.php?rest_route=%2Fwp%2Fv2%2Ftags&post=8254"}],"curies":[{"name":"wp","href":"https:\/\/api.w.org\/{rel}","templated":true}]}}