{"id":82545,"date":"2025-07-18T10:15:00","date_gmt":"2025-07-18T16:15:00","guid":{"rendered":"https:\/\/zonaroja.com.mx\/?p=82545"},"modified":"2025-07-18T07:10:41","modified_gmt":"2025-07-18T13:10:41","slug":"en-nueve-anos-han-asesinado-a-84-defensores-del-medio-ambiente","status":"publish","type":"post","link":"https:\/\/zonaroja.com.mx\/?p=82545","title":{"rendered":"En nueve a\u00f1os han asesinado a 84 defensores del medio ambiente"},"content":{"rendered":"\n<p>Redacci\u00f3n\/Zona Roja Cdmx.<\/p>\n\n\n\n<p>Ciudad de M\u00e9xico, a 18 de julio de 2025.- Desde 2016 a la fecha, al menos 84 personas defensores del medio ambiente han sido asesinadas en M\u00e9xico en posible relaci\u00f3n con su labor.<\/p>\n\n\n\n<p>Lo anterior fue detallado en un comunicado este jueves 17 de julio de 2025 el Espacio de Organizaciones de la Sociedad Civil para la Protecci\u00f3n de Personas Defensoras de Derechos Humanos y Periodistas (Espacio OSC)<\/p>\n\n\n\n<p>De esa cifra, siete eran mujeres y 77 eran hombres; mientras que 44 personas pertenec\u00edan a pueblos ind\u00edgenas y una era afromexicana.<\/p>\n\n\n\n<p>\u201cA estos hechos se suman m\u00faltiples agresiones, como criminalizaci\u00f3n y hostigamiento judicial, vigilancia, amenazas, desplazamiento forzado y desapariciones\u201d, a\u00f1adi\u00f3 el reporte publicado en el marco del&nbsp;D\u00eda Nacional de las Personas Defensoras del Medio Ambiente.<\/p>\n\n\n\n<p>La organizaci\u00f3n se\u00f1al\u00f3 que este d\u00eda \u201ces un recordatorio urgente de la deuda que el Estado mexicano mantiene con quienes arriesgan su vida por proteger los territorios, los ecosistemas y los bienes comunes del pa\u00eds\u201d.<\/p>\n\n\n\n<p>Adem\u00e1s, dijo que a cuatro a\u00f1os de su reconocimiento oficial por el Congreso mexicano \u201cesta fecha no solo conmemora, sino que exige justicia frente a la violencia, el despojo y la impunidad que enfrentan quienes resisten el avance de megaproyectos destructivos y el crimen organizado en m\u00faltiples regiones del pa\u00eds\u201d.<\/p>\n\n\n\n<p>Tambi\u00e9n apunt\u00f3 que los defensores del medio ambiente son clave para frenar la crisis clim\u00e1tica, resistir proyectos destructivos\u201d, proteger los recursos naturales que sostienen la vida de las personas y preservar las formas de vida ind\u00edgenas que coexisten en armon\u00eda con la naturaleza.<\/p>\n\n\n\n<p>\u201cSu trabajo es especialmente relevante frente al avance de megaproyectos extractivos, infraestructura impuesta, deforestaci\u00f3n, acaparamiento de agua y contaminaci\u00f3n generalizada, que contin\u00faan deteriorando nuestros ecosistemas y exacerbando desigualdades\u201d, apunt\u00f3 OSC.<\/p>\n\n\n\n<p>A este contexto, dijo \u201cse suma el avance del crimen organizado en m\u00faltiples regiones del pa\u00eds, donde ejerce control violento sobre territorios y recursos\u201d.<\/p>\n\n\n\n<p>Explic\u00f3 que actividades como la tala ilegal, la miner\u00eda clandestina, el tr\u00e1fico de especies, la apropiaci\u00f3n de tierras y el despojo violento de comunidades \u201cse han intensificado, afectando gravemente tanto al medio ambiente como a las personas que lo defienden\u201d.<\/p>\n\n\n\n<p>El narcotr\u00e1fico y las econom\u00edas criminales est\u00e1n hoy estrechamente vinculadas a la degradaci\u00f3n ambiental, generando escenarios de alt\u00edsimo riesgo\u201d, a\u00f1adi\u00f3.<\/p>\n\n\n\n<p>OSC record\u00f3 que el Estado mexicano ha aprobado marcos normativos que \u201cdeben ser implementados con urgencia adecuadamente\u201d, entre ellos, la Ley para la Protecci\u00f3n de Personas Defensoras de Derechos Humanos y Periodistas que crea el Mecanismo Federal de Protecci\u00f3n creado en 2012.<\/p>\n\n\n\n<p>Mientras que a nivel internacional, M\u00e9xico firm\u00f3 el Acuerdo de Escaz\u00fa y lo ratific\u00f3 el 5 de noviembre de 2020.<\/p>\n\n\n\n<p>El Acuerdo regional sobre el acceso a la informaci\u00f3n, la participaci\u00f3n p\u00fablica y la justicia en asuntos ambientales es el primer tratado en el mundo que establece la obligaci\u00f3n de los Estados de proteger a las personas defensoras del medio ambiente.<\/p>\n\n\n\n<p>OSC tambi\u00e9n expres\u00f3 su \u201cprofunda preocupaci\u00f3n\u201d por la eliminaci\u00f3n del Instituto Nacional de Transparencia (INAI), decisi\u00f3n, que, dijo, \u201cgenera un grave vac\u00edo institucional que pone en riesgo el derecho fundamental de acceso a la informaci\u00f3n p\u00fablica ambiental\u201d.<\/p>\n\n\n\n<p>Adem\u00e1s, consideraron urgente avanzar en la garant\u00eda del derecho a la justicia ambiental, asegurando la existencia de jueces y juezas aut\u00f3nomas, con formaci\u00f3n especializada en derechos humanos y ambientales, y libres de presiones pol\u00edticas o econ\u00f3micas.<\/p>\n\n\n\n<p>(Con informaci\u00f3n de EFE, en L\u00f3pez-D\u00f3riga Digital)<\/p>\n","protected":false},"excerpt":{"rendered":"<p>Redacci\u00f3n\/Zona Roja Cdmx. Ciudad de M\u00e9xico, a 18 de julio de 2025.- Desde 2016 a&hellip;<\/p>\n","protected":false},"author":2,"featured_media":82546,"comment_status":"closed","ping_status":"open","sticky":false,"template":"","format":"standard","meta":{"_lmt_disableupdate":"","_lmt_disable":"","_jetpack_memberships_contains_paid_content":false,"footnotes":""},"categories":[109,47],"tags":[3390],"class_list":["post-82545","post","type-post","status-publish","format-standard","has-post-thumbnail","hentry","category-minuto-a-minuto","category-zona-gris","tag-defensores-y-activistas-asesinados"],"jetpack_featured_media_url":"https:\/\/zonaroja.com.mx\/wp-content\/uploads\/2025\/07\/Defensores-ambientales-asesinados.jpg","jetpack_sharing_enabled":true,"_links":{"self":[{"href":"https:\/\/zonaroja.com.mx\/index.php?rest_route=\/wp\/v2\/posts\/82545","targetHints":{"allow":["GET"]}}],"collection":[{"href":"https:\/\/zonaroja.com.mx\/index.php?rest_route=\/wp\/v2\/posts"}],"about":[{"href":"https:\/\/zonaroja.com.mx\/index.php?rest_route=\/wp\/v2\/types\/post"}],"author":[{"embeddable":true,"href":"https:\/\/zonaroja.com.mx\/index.php?rest_route=\/wp\/v2\/users\/2"}],"replies":[{"embeddable":true,"href":"https:\/\/zonaroja.com.mx\/index.php?rest_route=%2Fwp%2Fv2%2Fcomments&post=82545"}],"version-history":[{"count":1,"href":"https:\/\/zonaroja.com.mx\/index.php?rest_route=\/wp\/v2\/posts\/82545\/revisions"}],"predecessor-version":[{"id":82547,"href":"https:\/\/zonaroja.com.mx\/index.php?rest_route=\/wp\/v2\/posts\/82545\/revisions\/82547"}],"wp:featuredmedia":[{"embeddable":true,"href":"https:\/\/zonaroja.com.mx\/index.php?rest_route=\/wp\/v2\/media\/82546"}],"wp:attachment":[{"href":"https:\/\/zonaroja.com.mx\/index.php?rest_route=%2Fwp%2Fv2%2Fmedia&parent=82545"}],"wp:term":[{"taxonomy":"category","embeddable":true,"href":"https:\/\/zonaroja.com.mx\/index.php?rest_route=%2Fwp%2Fv2%2Fcategories&post=82545"},{"taxonomy":"post_tag","embeddable":true,"href":"https:\/\/zonaroja.com.mx\/index.php?rest_route=%2Fwp%2Fv2%2Ftags&post=82545"}],"curies":[{"name":"wp","href":"https:\/\/api.w.org\/{rel}","templated":true}]}}