{"id":82553,"date":"2025-07-18T12:15:00","date_gmt":"2025-07-18T18:15:00","guid":{"rendered":"https:\/\/zonaroja.com.mx\/?p=82553"},"modified":"2025-07-18T08:12:06","modified_gmt":"2025-07-18T14:12:06","slug":"con-8-asesinatos-en-2025-mexico-es-el-pais-mas-peligroso-para-ejercer-el-periodismo","status":"publish","type":"post","link":"https:\/\/zonaroja.com.mx\/?p=82553","title":{"rendered":"Con 8 asesinatos en 2025, M\u00e9xico es el pa\u00eds m\u00e1s peligroso para ejercer el periodismo\u00a0"},"content":{"rendered":"\n<p>Redacci\u00f3n\/Zona Roja Cdmx.<\/p>\n\n\n\n<p>Ciudad de M\u00e9xico, a 18 de julio de 2025.- M\u00e9xico sigue siendo el pa\u00eds m\u00e1s peligroso de la regi\u00f3n para ejercer el periodismo, advirti\u00f3 Reporteros Sin Fronteras (RSF), en un&nbsp;art\u00edculo&nbsp;donde refiri\u00f3 que, desde enero de 2025, ha documentado el asesinato de ocho periodistas en el pa\u00eds,&nbsp;de un total de trece homicidios registrados en Am\u00e9rica Latina.<\/p>\n\n\n\n<p>\u201cPese a los compromisos asumidos por la presidencia y la implementaci\u00f3n de mecanismos de protecci\u00f3n, M\u00e9xico sigue siendo el pa\u00eds&nbsp;m\u00e1s peligroso de la regi\u00f3n&nbsp;para los periodistas\u201d, se\u00f1al\u00f3 la organizaci\u00f3n.<\/p>\n\n\n\n<p>En su informe, RSF destac\u00f3 que \u201cen julio, tres nuevos asesinatos&nbsp;en menos de una semana&nbsp;aumentaron el saldo total a nueve muertes desde enero, de las cuales ocho est\u00e1n probablemente relacionadas con su labor period\u00edstica\u201d.<\/p>\n\n\n\n<p>Entre los casos documentados, se encuentra el asesinato de Calletano de Jes\u00fas Guerrero, quien estaba inscrito desde 2014&nbsp;en un programa federal de protecci\u00f3n&nbsp;tras recibir amenazas. Fue asesinado en enero en el Estado de M\u00e9xico, \u201cen circunstancias que revelan&nbsp;fallas en el sistema oficial\u201d.<\/p>\n\n\n\n<p>Otro caso es el de Alejandro Gallegos de Le\u00f3n, director de La Voz del Pueblo, quien tambi\u00e9n fue asesinado en enero; su medio hab\u00eda publicado&nbsp;investigaciones sobre crimen organizado&nbsp;en el centro-norte del pa\u00eds.<\/p>\n\n\n\n<p>En Guanajuato, el 2 de marzo, Kristian Uriel Zavala Mart\u00ednez, reportero de El Silaoense.Mx, y Ra\u00fal Ir\u00e1n Villarreal Belmont, periodista del medio Observatorio Ciudadano, fueron asesinados. \u201cAmbos investigaban sobre violencia estatal y&nbsp;desapariciones forzadas\u201d, document\u00f3 RSF.<\/p>\n\n\n\n<p>En mayo, en Acapulco, Guerrero, Jos\u00e9 Carlos Gonz\u00e1lez Herrera, director del medio digital El Guerrero Opini\u00f3n Ciudadana, fue asesinado por hombres armados mientras&nbsp;cubr\u00eda temas locales&nbsp;sobre seguridad y pol\u00edtica.<\/p>\n\n\n\n<p>En Puebla, Salom\u00f3n Ordo\u00f1ez, fundador de Shalom Cuetzalan Producciones, fue asesinado en junio; las autoridades investigan un posible v\u00ednculo con su&nbsp;labor como periodista local. En Sonora, el 7 de julio, \u00c1ngel Sevilla, director del medio Noticias 644, fue asesinado mientras circulaba en motocicleta; su medio era considerado \u201cuna fuente clave de informaci\u00f3n&nbsp;en tiempo real sobre el deterioro de la seguridad\u201d.<\/p>\n\n\n\n<p>En Quintana Roo, el cuerpo del periodista de investigaci\u00f3n Melvin Garc\u00eda fue hallado el 8 de julio en avanzado estado de descomposici\u00f3n, RSF record\u00f3 que Garc\u00eda hab\u00eda regresado a la regi\u00f3n&nbsp;tras exiliarse por amenazas&nbsp;previas.<\/p>\n\n\n\n<p>(Informaci\u00f3n tomada de Educa A. C.)<\/p>\n","protected":false},"excerpt":{"rendered":"<p>Redacci\u00f3n\/Zona Roja Cdmx. Ciudad de M\u00e9xico, a 18 de julio de 2025.- M\u00e9xico sigue siendo&hellip;<\/p>\n","protected":false},"author":2,"featured_media":70673,"comment_status":"closed","ping_status":"open","sticky":false,"template":"","format":"standard","meta":{"_lmt_disableupdate":"","_lmt_disable":"","_jetpack_memberships_contains_paid_content":false,"footnotes":""},"categories":[109,47],"tags":[3063],"class_list":["post-82553","post","type-post","status-publish","format-standard","has-post-thumbnail","hentry","category-minuto-a-minuto","category-zona-gris","tag-periodismo-en-riesgo-oaxaca"],"jetpack_featured_media_url":"https:\/\/zonaroja.com.mx\/wp-content\/uploads\/2024\/07\/Periodismo-periodistas-agresiones-prensa.jpeg","jetpack_sharing_enabled":true,"_links":{"self":[{"href":"https:\/\/zonaroja.com.mx\/index.php?rest_route=\/wp\/v2\/posts\/82553","targetHints":{"allow":["GET"]}}],"collection":[{"href":"https:\/\/zonaroja.com.mx\/index.php?rest_route=\/wp\/v2\/posts"}],"about":[{"href":"https:\/\/zonaroja.com.mx\/index.php?rest_route=\/wp\/v2\/types\/post"}],"author":[{"embeddable":true,"href":"https:\/\/zonaroja.com.mx\/index.php?rest_route=\/wp\/v2\/users\/2"}],"replies":[{"embeddable":true,"href":"https:\/\/zonaroja.com.mx\/index.php?rest_route=%2Fwp%2Fv2%2Fcomments&post=82553"}],"version-history":[{"count":1,"href":"https:\/\/zonaroja.com.mx\/index.php?rest_route=\/wp\/v2\/posts\/82553\/revisions"}],"predecessor-version":[{"id":82554,"href":"https:\/\/zonaroja.com.mx\/index.php?rest_route=\/wp\/v2\/posts\/82553\/revisions\/82554"}],"wp:featuredmedia":[{"embeddable":true,"href":"https:\/\/zonaroja.com.mx\/index.php?rest_route=\/wp\/v2\/media\/70673"}],"wp:attachment":[{"href":"https:\/\/zonaroja.com.mx\/index.php?rest_route=%2Fwp%2Fv2%2Fmedia&parent=82553"}],"wp:term":[{"taxonomy":"category","embeddable":true,"href":"https:\/\/zonaroja.com.mx\/index.php?rest_route=%2Fwp%2Fv2%2Fcategories&post=82553"},{"taxonomy":"post_tag","embeddable":true,"href":"https:\/\/zonaroja.com.mx\/index.php?rest_route=%2Fwp%2Fv2%2Ftags&post=82553"}],"curies":[{"name":"wp","href":"https:\/\/api.w.org\/{rel}","templated":true}]}}