{"id":82561,"date":"2025-07-18T18:38:25","date_gmt":"2025-07-19T00:38:25","guid":{"rendered":"https:\/\/zonaroja.com.mx\/?p=82561"},"modified":"2025-07-18T18:38:28","modified_gmt":"2025-07-19T00:38:28","slug":"silencio-de-adan-lopez-sobre-su-garcia-luna","status":"publish","type":"post","link":"https:\/\/zonaroja.com.mx\/?p=82561","title":{"rendered":"Silencio de Ad\u00e1n L\u00f3pez sobre su \u00abGarc\u00eda Luna\u00bb"},"content":{"rendered":"\n<p>Redacci\u00f3n\/Zona Roja Cdmx.<\/p>\n\n\n\n<p>Ciudad de M\u00e9xico, a 18 de julio de 2025.- El presidente de la Junta de Coordinaci\u00f3n Pol\u00edtica del Senado, Ad\u00e1n Augusto L\u00f3pez Hern\u00e1ndez, despach\u00f3 ayer desde sus oficinas en esa c\u00e1mara del Congreso de la Uni\u00f3n, pero insisti\u00f3 en no formular ninguna declaraci\u00f3n en torno al caso de Hern\u00e1n Bermudez Requena, acusado de nexos con el narcotr\u00e1fico y quien fue secretario de seguridad en el gobierno de Tabasco, que \u00e9l encabez\u00f3 entre 2018 y 2022.<\/p>\n\n\n\n<p>\u00c9l no concede entrevistas, fue la respuesta del tambi\u00e9n coordinador de la bancada guinda en el Senado a las muchas solicitudes de medios impresos y digitales que recibi\u00f3 para hablar de ese tema, que lo ha mantenido en el foco de la atenci\u00f3n p\u00fablica en los \u00faltimos d\u00edas.<\/p>\n\n\n\n<p>Los integrantes de su grupo parlamentario le han reiterado su respaldo y han expresado que saben que asistir\u00e1 el domingo al Consejo Nacional de Morena. La senadora Guadalupe Chavira, quien un d\u00eda antes promovi\u00f3 una declaraci\u00f3n de los 64 miembros de la bancada, para expresarle apoyo incondicional, reiter\u00f3 que no hay prueba alguna que lo relacione con el crimen organizado.<\/p>\n\n\n\n<p>Coincidi\u00f3 con lo expresado por la dirigencia nacional de Morena que L\u00f3pez Hern\u00e1ndez nada tiene qu\u00e9 aclarar, porque a quien se investiga es a su ex colaborador.<\/p>\n\n\n\n<p>(Informaci\u00f3n de \u00abLa Jornada\u00bb)<\/p>\n","protected":false},"excerpt":{"rendered":"<p>Redacci\u00f3n\/Zona Roja Cdmx. Ciudad de M\u00e9xico, a 18 de julio de 2025.- El presidente de&hellip;<\/p>\n","protected":false},"author":2,"featured_media":82372,"comment_status":"closed","ping_status":"open","sticky":false,"template":"","format":"standard","meta":{"_lmt_disableupdate":"","_lmt_disable":"","_jetpack_memberships_contains_paid_content":false,"footnotes":""},"categories":[109,47],"tags":[3288],"class_list":["post-82561","post","type-post","status-publish","format-standard","has-post-thumbnail","hentry","category-minuto-a-minuto","category-zona-gris","tag-adan-augusto-lopez"],"jetpack_featured_media_url":"https:\/\/zonaroja.com.mx\/wp-content\/uploads\/2025\/07\/Adan-Augusto-Lopez-y-su-secretario-de-Seguridad.jpeg","jetpack_sharing_enabled":true,"_links":{"self":[{"href":"https:\/\/zonaroja.com.mx\/index.php?rest_route=\/wp\/v2\/posts\/82561","targetHints":{"allow":["GET"]}}],"collection":[{"href":"https:\/\/zonaroja.com.mx\/index.php?rest_route=\/wp\/v2\/posts"}],"about":[{"href":"https:\/\/zonaroja.com.mx\/index.php?rest_route=\/wp\/v2\/types\/post"}],"author":[{"embeddable":true,"href":"https:\/\/zonaroja.com.mx\/index.php?rest_route=\/wp\/v2\/users\/2"}],"replies":[{"embeddable":true,"href":"https:\/\/zonaroja.com.mx\/index.php?rest_route=%2Fwp%2Fv2%2Fcomments&post=82561"}],"version-history":[{"count":1,"href":"https:\/\/zonaroja.com.mx\/index.php?rest_route=\/wp\/v2\/posts\/82561\/revisions"}],"predecessor-version":[{"id":82562,"href":"https:\/\/zonaroja.com.mx\/index.php?rest_route=\/wp\/v2\/posts\/82561\/revisions\/82562"}],"wp:featuredmedia":[{"embeddable":true,"href":"https:\/\/zonaroja.com.mx\/index.php?rest_route=\/wp\/v2\/media\/82372"}],"wp:attachment":[{"href":"https:\/\/zonaroja.com.mx\/index.php?rest_route=%2Fwp%2Fv2%2Fmedia&parent=82561"}],"wp:term":[{"taxonomy":"category","embeddable":true,"href":"https:\/\/zonaroja.com.mx\/index.php?rest_route=%2Fwp%2Fv2%2Fcategories&post=82561"},{"taxonomy":"post_tag","embeddable":true,"href":"https:\/\/zonaroja.com.mx\/index.php?rest_route=%2Fwp%2Fv2%2Ftags&post=82561"}],"curies":[{"name":"wp","href":"https:\/\/api.w.org\/{rel}","templated":true}]}}