{"id":82563,"date":"2025-07-18T19:46:00","date_gmt":"2025-07-19T01:46:00","guid":{"rendered":"https:\/\/zonaroja.com.mx\/?p=82563"},"modified":"2025-07-18T18:48:09","modified_gmt":"2025-07-19T00:48:09","slug":"registra-el-istmo-dos-personas-asesinadas-este-viernes","status":"publish","type":"post","link":"https:\/\/zonaroja.com.mx\/?p=82563","title":{"rendered":"Registra el Istmo dos personas asesinadas, este viernes"},"content":{"rendered":"\n<p>Raymundo Morales\/Zona Roja.<\/p>\n\n\n\n<p>Oaxaca, Oax., a 18 de julio de 2025.- Dos personas han sido asesinada a balazos en el transcurso de este viernes en la regi\u00f3n del Istmo de Tehuantepec.<\/p>\n\n\n\n<p>El primer crimen ocurri\u00f3 en la calle Primero de Mayo de la colonia Barrio Nuevo, municipio de Mat\u00edas Romero Avenda\u00f1o.<\/p>\n\n\n\n<p>En el sitio ultimaron en su unidad de motor a balazos a quien fue identificado como Joaqu\u00edn M. R., de aproximadamente 67 a\u00f1os de edad, cuyos agresores huyeron de la zona y hasta el momento no han sido identificados ni detenidos.<\/p>\n\n\n\n<p>Mientras tanto, en el camino a la agencia de Playa Brasil, municipio de Salina Cruz, fue localizado un cuerpo sin vida, con varios impactos de arma de fuego.<\/p>\n\n\n\n<p>La v\u00edctima fue identificada de manera preliminar como Jaime M. L., y hasta el momento se desconoce el m\u00f3vil y la identidad de los criminales.<\/p>\n\n\n\n<p>Tras el reporte por parte de los vecinos de la existencia de un cuerpo a la orilla del camino, arribaron param\u00e9dicos, que corroboraron que ya no contaba con signos vitales.<\/p>\n\n\n\n<p>Ambos casos ya son investigados por la Vicefiscal\u00eda Regional del Istmo, dependiente de la Fiscal\u00eda General del Estado de Oaxaca.<\/p>\n\n\n\n<p>Por otra parte, en el municipio de Santo Domingo Tehuantepec, la ma\u00f1ana de hoy fue hallado un cuerpo sin vida, en la colonia La Soledad; posteriormente se descart\u00f3 un homicidio.<\/p>\n\n\n\n<p>Seg\u00fan reportes preliminares, se trata de una persona en situaci\u00f3n de indigencia y en probable estado de ebriedad.<\/p>\n","protected":false},"excerpt":{"rendered":"<p>Raymundo Morales\/Zona Roja. Oaxaca, Oax., a 18 de julio de 2025.- Dos personas han sido&hellip;<\/p>\n","protected":false},"author":2,"featured_media":82564,"comment_status":"closed","ping_status":"open","sticky":false,"template":"","format":"standard","meta":{"_lmt_disableupdate":"","_lmt_disable":"","_jetpack_memberships_contains_paid_content":false,"footnotes":""},"categories":[109,51],"tags":[228],"class_list":["post-82563","post","type-post","status-publish","format-standard","has-post-thumbnail","hentry","category-minuto-a-minuto","category-zona-roja","tag-matias-romero-avendano"],"jetpack_featured_media_url":"https:\/\/zonaroja.com.mx\/wp-content\/uploads\/2025\/07\/Asesinado-Salina-Cruz.jpg","jetpack_sharing_enabled":true,"_links":{"self":[{"href":"https:\/\/zonaroja.com.mx\/index.php?rest_route=\/wp\/v2\/posts\/82563","targetHints":{"allow":["GET"]}}],"collection":[{"href":"https:\/\/zonaroja.com.mx\/index.php?rest_route=\/wp\/v2\/posts"}],"about":[{"href":"https:\/\/zonaroja.com.mx\/index.php?rest_route=\/wp\/v2\/types\/post"}],"author":[{"embeddable":true,"href":"https:\/\/zonaroja.com.mx\/index.php?rest_route=\/wp\/v2\/users\/2"}],"replies":[{"embeddable":true,"href":"https:\/\/zonaroja.com.mx\/index.php?rest_route=%2Fwp%2Fv2%2Fcomments&post=82563"}],"version-history":[{"count":1,"href":"https:\/\/zonaroja.com.mx\/index.php?rest_route=\/wp\/v2\/posts\/82563\/revisions"}],"predecessor-version":[{"id":82565,"href":"https:\/\/zonaroja.com.mx\/index.php?rest_route=\/wp\/v2\/posts\/82563\/revisions\/82565"}],"wp:featuredmedia":[{"embeddable":true,"href":"https:\/\/zonaroja.com.mx\/index.php?rest_route=\/wp\/v2\/media\/82564"}],"wp:attachment":[{"href":"https:\/\/zonaroja.com.mx\/index.php?rest_route=%2Fwp%2Fv2%2Fmedia&parent=82563"}],"wp:term":[{"taxonomy":"category","embeddable":true,"href":"https:\/\/zonaroja.com.mx\/index.php?rest_route=%2Fwp%2Fv2%2Fcategories&post=82563"},{"taxonomy":"post_tag","embeddable":true,"href":"https:\/\/zonaroja.com.mx\/index.php?rest_route=%2Fwp%2Fv2%2Ftags&post=82563"}],"curies":[{"name":"wp","href":"https:\/\/api.w.org\/{rel}","templated":true}]}}