{"id":82566,"date":"2025-07-18T19:49:00","date_gmt":"2025-07-19T01:49:00","guid":{"rendered":"https:\/\/zonaroja.com.mx\/?p=82566"},"modified":"2025-07-18T18:51:30","modified_gmt":"2025-07-19T00:51:30","slug":"maqueos-music-delegacion-de-hijos-de-migrantes-oaxaquenos-llega-a-oaxaca","status":"publish","type":"post","link":"https:\/\/zonaroja.com.mx\/?p=82566","title":{"rendered":"Maqueos Music, delegaci\u00f3n de hijos de migrantes oaxaque\u00f1os, llega a Oaxaca"},"content":{"rendered":"\n<p>Lisbeth Mej\u00eda Reyes\/Zona Roja.<\/p>\n\n\n\n<p>Oaxaca, Oax., a 18 de julio de 2025.- Hace un mes estrenaron \u00abNo nos van a borrar\u00bb, una canci\u00f3n de protesta en contra de las redadas en Estados Unidos que amenazan a sus familias y las de otros mexicanos.&nbsp;<\/p>\n\n\n\n<p>Ahora, han llegado a Oaxaca, la tierra de sus padres y abuelos para sumarse a las fiestas de Guelaguetza como la delegaci\u00f3n migrante.<\/p>\n\n\n\n<p>J\u00f3venes de la academia Maqueos Music, establecida en Los \u00c1ngeles, California, tocaron este viernes en el atrio de Santo Domingo de Guzm\u00e1n, ciudad de Oaxaca.&nbsp;<\/p>\n\n\n\n<p>Sus interpretaciones de los sones y jarabes serranos hicieron bailar a m\u00e1s de uno, pero tambi\u00e9n compartieron un momento de solemnidad con el \u201cDios nunca muere\u201d, el vals de Macedonio Alcal\u00e1 que se ha convertido en el himno no oficial de las y los oaxaque\u00f1os.<\/p>\n\n\n\n<p>Bajo las direcciones de Jhonny Miguel y Esteban, adem\u00e1s de la participaci\u00f3n del m\u00fasico Ra\u00fal Lico, la delegaci\u00f3n migrante de Maqueos Music mostr\u00f3 tambi\u00e9n el orgullo por las ra\u00edces zapotecas y las bandas de aliento que han caracterizado al estado de Oaxaca, especialmente a la regi\u00f3n de la Sierra de Ju\u00e1rez (antes Norte), de donde son principalmente sus padres.<\/p>\n\n\n\n<p>La llegada de la delegaci\u00f3n migrante, dijo el diputado migrante Zeferino Garc\u00eda, se propuso al gobierno estatal y este acept\u00f3 para que participe en las fiestas de \u00abJulio, mes de la Guelaguetza\u00bb. Previo a su presentaci\u00f3n, confirmada por el secretario de las Culturas y Artes, Flavio Sosa Villavicencio, regalaron este concierto en el atrio de Santo Domingo de Guzm\u00e1n.<\/p>\n\n\n\n<p>Este a\u00f1o, ante las redadas en Estados Unidos, la comunidad oaxaque\u00f1a cancel\u00f3 la Guelaguetza de Madera, California.<\/p>\n\n\n\n<p>CANCI\u00d3N DE PROTESTA<\/p>\n\n\n\n<p>En junio, la banda de la academia Maqueos Music estren\u00f3 \u00abNo nos van a borrar\u00bb, una especie de himno sobre el valor de las y los migrantes oaxaque\u00f1os y de otras partes de M\u00e9xico, tambi\u00e9n para exigir que se respeten sus derechos humanos ante la pol\u00edtica de histilidude del gobierno de los Estados Unidos de Am\u00e9rica, que por segunda ocasi\u00f3n est\u00e1 al mando del magnate Donald Trump.<\/p>\n\n\n\n<p>Antes de este video, las y los integrantes de la academia han participado en otras manifestaciones pac\u00edficas para exigir un alto a las deportaciones.<\/p>\n","protected":false},"excerpt":{"rendered":"<p>Lisbeth Mej\u00eda Reyes\/Zona Roja. Oaxaca, Oax., a 18 de julio de 2025.- Hace un mes&hellip;<\/p>\n","protected":false},"author":2,"featured_media":82567,"comment_status":"closed","ping_status":"open","sticky":false,"template":"","format":"standard","meta":{"_lmt_disableupdate":"","_lmt_disable":"","_jetpack_memberships_contains_paid_content":false,"footnotes":""},"categories":[109,46],"tags":[4344],"class_list":["post-82566","post","type-post","status-publish","format-standard","has-post-thumbnail","hentry","category-minuto-a-minuto","category-zona-blanca","tag-academia-maqueos-music"],"jetpack_featured_media_url":"https:\/\/zonaroja.com.mx\/wp-content\/uploads\/2025\/07\/Maqueos-music-migrantes-banda-de-musica.jpg","jetpack_sharing_enabled":true,"_links":{"self":[{"href":"https:\/\/zonaroja.com.mx\/index.php?rest_route=\/wp\/v2\/posts\/82566","targetHints":{"allow":["GET"]}}],"collection":[{"href":"https:\/\/zonaroja.com.mx\/index.php?rest_route=\/wp\/v2\/posts"}],"about":[{"href":"https:\/\/zonaroja.com.mx\/index.php?rest_route=\/wp\/v2\/types\/post"}],"author":[{"embeddable":true,"href":"https:\/\/zonaroja.com.mx\/index.php?rest_route=\/wp\/v2\/users\/2"}],"replies":[{"embeddable":true,"href":"https:\/\/zonaroja.com.mx\/index.php?rest_route=%2Fwp%2Fv2%2Fcomments&post=82566"}],"version-history":[{"count":1,"href":"https:\/\/zonaroja.com.mx\/index.php?rest_route=\/wp\/v2\/posts\/82566\/revisions"}],"predecessor-version":[{"id":82568,"href":"https:\/\/zonaroja.com.mx\/index.php?rest_route=\/wp\/v2\/posts\/82566\/revisions\/82568"}],"wp:featuredmedia":[{"embeddable":true,"href":"https:\/\/zonaroja.com.mx\/index.php?rest_route=\/wp\/v2\/media\/82567"}],"wp:attachment":[{"href":"https:\/\/zonaroja.com.mx\/index.php?rest_route=%2Fwp%2Fv2%2Fmedia&parent=82566"}],"wp:term":[{"taxonomy":"category","embeddable":true,"href":"https:\/\/zonaroja.com.mx\/index.php?rest_route=%2Fwp%2Fv2%2Fcategories&post=82566"},{"taxonomy":"post_tag","embeddable":true,"href":"https:\/\/zonaroja.com.mx\/index.php?rest_route=%2Fwp%2Fv2%2Ftags&post=82566"}],"curies":[{"name":"wp","href":"https:\/\/api.w.org\/{rel}","templated":true}]}}