{"id":82572,"date":"2025-07-19T07:45:00","date_gmt":"2025-07-19T13:45:00","guid":{"rendered":"https:\/\/zonaroja.com.mx\/?p=82572"},"modified":"2025-07-19T07:06:29","modified_gmt":"2025-07-19T13:06:29","slug":"pertinente-que-adan-augusto-de-su-version-sobre-hernan-bermudez-sheinbaum","status":"publish","type":"post","link":"https:\/\/zonaroja.com.mx\/?p=82572","title":{"rendered":"Pertinente, que Ad\u00e1n Augusto d\u00e9 su versi\u00f3n sobre Hern\u00e1n Berm\u00fadez: Sheinbaum"},"content":{"rendered":"\n<p>Redacci\u00f3n\/Zona Roja Cdmx.<\/p>\n\n\n\n<p>Ciudad de M\u00e9xico, a 19 de julio de 2025.- Ante el rumor de la posible muerte de Hern\u00e1n Berm\u00fadez Requena,&nbsp;exsecretario de Seguridad de Tabasco, la Presidenta de M\u00e9xico, Claudia Sheinbaum, dijo que no hay informaci\u00f3n al respecto por parte del gabinete de seguridad.<\/p>\n\n\n\n<p>Este jueves trascendi\u00f3 en redes sociales que el exfuncionario vinculado al grupo delictivo denominado \u201cLa Barredora\u201d, considerado una c\u00e9lula del C\u00e1rtel Jalisco Nueva Generaci\u00f3n (CJNG), pudo haber fallecido presuntamente por un infarto, luego de que saliera del pa\u00eds&nbsp;debido a la orden de aprehensi\u00f3n que le fue otorgada a la&nbsp;Fiscal\u00eda General de la Rep\u00fablica (FGR) desde febrero de 2025.<\/p>\n\n\n\n<p>En su conferencia matutina de ayer, desde Palacio Nacional, la presidenta&nbsp;Claudia Sheinbaum&nbsp;pidi\u00f3&nbsp; al gabinete de seguridad informaci\u00f3n al respecto del exfuncionario que trabaj\u00f3 con el exgobernador de Tabasco, Ad\u00e1n Augusto L\u00f3pez.<\/p>\n\n\n\n<p>Consider\u00f3&nbsp;que el ahora senador Ad\u00e1n Augusto L\u00f3pez debe dar su versi\u00f3n del periodo en el que trabaj\u00f3 con Hern\u00e1n Berm\u00fadez Requena ante la opini\u00f3n p\u00fablica tras darse a conocer la investigaci\u00f3n y la orden de aprehensi\u00f3n en su contra por nexos con el crimen organizado.<\/p>\n\n\n\n<p>La Presidenta manifest\u00f3 que ser\u00eda pertinente que el senador Ad\u00e1n Augusto hable sobre el caso Hern\u00e1n Berm\u00fadez y que la misma ciudadan\u00eda valore su gesti\u00f3n como exgobernador.<\/p>\n\n\n\n<p>\u00abSer\u00eda muy bueno que \u00e9l (Ad\u00e1n Augusto L\u00f3pez) diera su versi\u00f3n para que la gente conociera tambi\u00e9n qu\u00e9 fue lo que \u00e9l vivi\u00f3 como gobernador,&nbsp;qu\u00e9 fue lo que vivi\u00f3 con esta persona (Hern\u00e1n Berm\u00fadez), cu\u00e1les fueron sus resultados y en todo caso c\u00f3mo fue que&nbsp;lleg\u00f3 la informaci\u00f3n de que esta persona estaba involucrada con un grupo delictivo\u00bb, se\u00f1al\u00f3.<\/p>\n\n\n\n<p>Descart\u00f3 que el caso Hern\u00e1n Berm\u00fadez Requena tenga un costo pol\u00edtico para el gobierno,&nbsp;pues la misma FGR investiga el caso.<\/p>\n\n\n\n<p>La Jefa del Ejecutivo se\u00f1al\u00f3 que el pr\u00f3ximo martes el gabinete de seguridad podr\u00eda dar detalles de las investigaciones en contra del exfuncionario de Tabasco.<\/p>\n\n\n\n<p>(Informaci\u00f3n de \u201cExc\u00e9lsior\u201d)<\/p>\n","protected":false},"excerpt":{"rendered":"<p>Redacci\u00f3n\/Zona Roja Cdmx. Ciudad de M\u00e9xico, a 19 de julio de 2025.- Ante el rumor&hellip;<\/p>\n","protected":false},"author":2,"featured_media":82573,"comment_status":"closed","ping_status":"open","sticky":false,"template":"","format":"standard","meta":{"_lmt_disableupdate":"","_lmt_disable":"","_jetpack_memberships_contains_paid_content":false,"footnotes":""},"categories":[109,47],"tags":[3288,3370],"class_list":["post-82572","post","type-post","status-publish","format-standard","has-post-thumbnail","hentry","category-minuto-a-minuto","category-zona-gris","tag-adan-augusto-lopez","tag-claudia-sheinbaum"],"jetpack_featured_media_url":"https:\/\/zonaroja.com.mx\/wp-content\/uploads\/2025\/07\/Adan-Augusto-Lopez-y-Claudia-Sheinbaum.jpg.webp","jetpack_sharing_enabled":true,"_links":{"self":[{"href":"https:\/\/zonaroja.com.mx\/index.php?rest_route=\/wp\/v2\/posts\/82572","targetHints":{"allow":["GET"]}}],"collection":[{"href":"https:\/\/zonaroja.com.mx\/index.php?rest_route=\/wp\/v2\/posts"}],"about":[{"href":"https:\/\/zonaroja.com.mx\/index.php?rest_route=\/wp\/v2\/types\/post"}],"author":[{"embeddable":true,"href":"https:\/\/zonaroja.com.mx\/index.php?rest_route=\/wp\/v2\/users\/2"}],"replies":[{"embeddable":true,"href":"https:\/\/zonaroja.com.mx\/index.php?rest_route=%2Fwp%2Fv2%2Fcomments&post=82572"}],"version-history":[{"count":1,"href":"https:\/\/zonaroja.com.mx\/index.php?rest_route=\/wp\/v2\/posts\/82572\/revisions"}],"predecessor-version":[{"id":82574,"href":"https:\/\/zonaroja.com.mx\/index.php?rest_route=\/wp\/v2\/posts\/82572\/revisions\/82574"}],"wp:featuredmedia":[{"embeddable":true,"href":"https:\/\/zonaroja.com.mx\/index.php?rest_route=\/wp\/v2\/media\/82573"}],"wp:attachment":[{"href":"https:\/\/zonaroja.com.mx\/index.php?rest_route=%2Fwp%2Fv2%2Fmedia&parent=82572"}],"wp:term":[{"taxonomy":"category","embeddable":true,"href":"https:\/\/zonaroja.com.mx\/index.php?rest_route=%2Fwp%2Fv2%2Fcategories&post=82572"},{"taxonomy":"post_tag","embeddable":true,"href":"https:\/\/zonaroja.com.mx\/index.php?rest_route=%2Fwp%2Fv2%2Ftags&post=82572"}],"curies":[{"name":"wp","href":"https:\/\/api.w.org\/{rel}","templated":true}]}}