{"id":82575,"date":"2025-07-19T08:45:00","date_gmt":"2025-07-19T14:45:00","guid":{"rendered":"https:\/\/zonaroja.com.mx\/?p=82575"},"modified":"2025-07-19T07:30:14","modified_gmt":"2025-07-19T13:30:14","slug":"fueron-dos-ejecutados-en-salina-cruz-hallan-segundo-cuerpo","status":"publish","type":"post","link":"https:\/\/zonaroja.com.mx\/?p=82575","title":{"rendered":"Fueron dos ejecutados en Salina Cruz; hallan segundo cuerpo"},"content":{"rendered":"\n<p>Ismael Garc\u00eda M.\/Zona Roja.<\/p>\n\n\n\n<p>Oaxaca, Oax., a 19 de julio de 2025.- Un segundo cuerpo de una persona del sexo masculino, con varios impactos de arma de fuego, as\u00ed como signos de ejecuci\u00f3n y tortura, fue localizado en el municipio de Salina Cruz.<\/p>\n\n\n\n<p>Tambi\u00e9n fue en la misma zona, camino a la agencia de Playa Brasil, en que se hall\u00f3 a la v\u00edctima y fuentes policiacas confirmaron que ambos son originarios del municipio de Juchit\u00e1n de Zaragoza.<\/p>\n\n\n\n<p>El segundo individuo asesinado fue encontrado anoche, tras reportes de los pobladores de la zona y fue identificado de manera preliminar como Carlos M. T.; hasta el momento se desconoce el m\u00f3vil del crimen.<\/p>\n\n\n\n<p>Poco antes, fue hallado el cuerpo de quien se confirm\u00f3 se trata de Jaime M. L., trabajador jubilado de Petr\u00f3leos Mexicanos en Salina Cruz.<\/p>\n\n\n\n<p>La Fiscal\u00eda General del Estado de Oaxaca, a trav\u00e9s de la Vicefiscal\u00eda Regional del Istmo, contin\u00faa con las indagatorias con la finalidad de dar con el paradero de los homicidas y llevarlos ante la justicia.<\/p>\n\n\n\n<p>Cabe mencionar que tambi\u00e9n ayer por la ma\u00f1ana pero en el municipio de Mat\u00edas Romero Avenda\u00f1o, fue ejecutado a balazos Joaqu\u00edn M. R., de oficio curandero y con aproximadamente 67 a\u00f1os de edad; fue acribillado en el interior de su veh\u00edculo, en la colonia Barrio Nuevo.<\/p>\n\n\n\n<p>M\u00c1S CASOS<\/p>\n\n\n\n<p>Por otra parte, ayer por la tarde, en el municipio de Zimatl\u00e1n de \u00c1lvarez, regi\u00f3n Valles Centrales de Oaxaca, fue asesinada a balazos una persona del sexo masculino.<\/p>\n\n\n\n<p>El hoy occiso fue identificado por sus familiares como Mart\u00edn C. R., de unos 40 a\u00f1os de edad, y a\u00fan se desconocen los motivos por los cuales lo privaron de la vida con arma de uso exclusivo del Ej\u00e9rcito.<\/p>\n\n\n\n<p>Mientras que la noche del pasado jueves 17 de julio, fue asesinado un individuo que fue identificado como Kevin Y. M., de 22 a\u00f1os de edad, en el municipio de Santa Mar\u00eda Petapa, al norte de la zona del Istmo.<\/p>\n\n\n\n<p>El cuerpo de la v\u00edctima fue localizado en un camino local que comunica a Llano Suchiapa con la poblaci\u00f3n de El Para\u00edso y a\u00fan no se tiene pista del o de los criminales.<\/p>\n","protected":false},"excerpt":{"rendered":"<p>Ismael Garc\u00eda M.\/Zona Roja. Oaxaca, Oax., a 19 de julio de 2025.- Un segundo cuerpo&hellip;<\/p>\n","protected":false},"author":2,"featured_media":82576,"comment_status":"closed","ping_status":"open","sticky":false,"template":"","format":"standard","meta":{"_lmt_disableupdate":"","_lmt_disable":"","_jetpack_memberships_contains_paid_content":false,"footnotes":""},"categories":[109,51],"tags":[1542],"class_list":["post-82575","post","type-post","status-publish","format-standard","has-post-thumbnail","hentry","category-minuto-a-minuto","category-zona-roja","tag-ejecutado-en-salina-cruz"],"jetpack_featured_media_url":"https:\/\/zonaroja.com.mx\/wp-content\/uploads\/2025\/07\/Asesinado-viernes-Salina-Cruz.jpg","jetpack_sharing_enabled":true,"_links":{"self":[{"href":"https:\/\/zonaroja.com.mx\/index.php?rest_route=\/wp\/v2\/posts\/82575","targetHints":{"allow":["GET"]}}],"collection":[{"href":"https:\/\/zonaroja.com.mx\/index.php?rest_route=\/wp\/v2\/posts"}],"about":[{"href":"https:\/\/zonaroja.com.mx\/index.php?rest_route=\/wp\/v2\/types\/post"}],"author":[{"embeddable":true,"href":"https:\/\/zonaroja.com.mx\/index.php?rest_route=\/wp\/v2\/users\/2"}],"replies":[{"embeddable":true,"href":"https:\/\/zonaroja.com.mx\/index.php?rest_route=%2Fwp%2Fv2%2Fcomments&post=82575"}],"version-history":[{"count":1,"href":"https:\/\/zonaroja.com.mx\/index.php?rest_route=\/wp\/v2\/posts\/82575\/revisions"}],"predecessor-version":[{"id":82577,"href":"https:\/\/zonaroja.com.mx\/index.php?rest_route=\/wp\/v2\/posts\/82575\/revisions\/82577"}],"wp:featuredmedia":[{"embeddable":true,"href":"https:\/\/zonaroja.com.mx\/index.php?rest_route=\/wp\/v2\/media\/82576"}],"wp:attachment":[{"href":"https:\/\/zonaroja.com.mx\/index.php?rest_route=%2Fwp%2Fv2%2Fmedia&parent=82575"}],"wp:term":[{"taxonomy":"category","embeddable":true,"href":"https:\/\/zonaroja.com.mx\/index.php?rest_route=%2Fwp%2Fv2%2Fcategories&post=82575"},{"taxonomy":"post_tag","embeddable":true,"href":"https:\/\/zonaroja.com.mx\/index.php?rest_route=%2Fwp%2Fv2%2Ftags&post=82575"}],"curies":[{"name":"wp","href":"https:\/\/api.w.org\/{rel}","templated":true}]}}