{"id":82578,"date":"2025-07-19T09:43:00","date_gmt":"2025-07-19T15:43:00","guid":{"rendered":"https:\/\/zonaroja.com.mx\/?p=82578"},"modified":"2025-07-19T07:45:41","modified_gmt":"2025-07-19T13:45:41","slug":"confirman-detencion-de-lideresa-de-transporte-en-tuxtepec-amagan-con-bloqueos","status":"publish","type":"post","link":"https:\/\/zonaroja.com.mx\/?p=82578","title":{"rendered":"Confirman detenci\u00f3n de lideresa de transporte en Tuxtepec; amagan con bloqueos"},"content":{"rendered":"\n<p>Raymundo Morales\/Zona Roja.<\/p>\n\n\n\n<p>Oaxaca, Oax., a 19 de julio de 2025.- Fuentes de la Fiscal\u00eda General del Estado de Oaxaca confirmaron la detenci\u00f3n de Claudia R. R. en San Juan Bautista Tuxtepec, dirigente de la Alianza de Transporte de la Cuenca del Papaloapan.<\/p>\n\n\n\n<p>La aprehensi\u00f3n ocurri\u00f3 la tarde del jueves en la colonia Mar\u00eda Eugenia de dicha ciudad, ubicada al norte del estado y presuntamente est\u00e1 acusada de delitos contra la salud.<\/p>\n\n\n\n<p>Luego de ellos, transportistas de dicha organizaci\u00f3n se concentraron desde ayer en diversos puntos de Tuxtepec, en amago para realizar bloqueos este s\u00e1bado, durante la visita de la Presidenta Claudia Sheinbaum.<\/p>\n\n\n\n<p>En el transcurso del d\u00eda, los dem\u00e1s representantes del gremio de transportistas declararon que est\u00e1n dispuestos a efectuar cierre de vialidades; este viernes se ubicaron en diversos puntos de la ciudad cuenque\u00f1a.<\/p>\n\n\n\n<p>La mujer detenida, supuestamente en flagrancia, fue remitida ante el juez del Poder Judicial aunque hasta el momento no hay informaci\u00f3n oficial al respecto.<\/p>\n","protected":false},"excerpt":{"rendered":"<p>Raymundo Morales\/Zona Roja. Oaxaca, Oax., a 19 de julio de 2025.- Fuentes de la Fiscal\u00eda&hellip;<\/p>\n","protected":false},"author":2,"featured_media":82579,"comment_status":"closed","ping_status":"open","sticky":false,"template":"","format":"standard","meta":{"_lmt_disableupdate":"","_lmt_disable":"","_jetpack_memberships_contains_paid_content":false,"footnotes":""},"categories":[109,47],"tags":[118],"class_list":["post-82578","post","type-post","status-publish","format-standard","has-post-thumbnail","hentry","category-minuto-a-minuto","category-zona-gris","tag-san-juan-bautista-tuxtepec"],"jetpack_featured_media_url":"https:\/\/zonaroja.com.mx\/wp-content\/uploads\/2025\/07\/Transportistas-Tuxtepec-amagan-paro.jpeg","jetpack_sharing_enabled":true,"_links":{"self":[{"href":"https:\/\/zonaroja.com.mx\/index.php?rest_route=\/wp\/v2\/posts\/82578","targetHints":{"allow":["GET"]}}],"collection":[{"href":"https:\/\/zonaroja.com.mx\/index.php?rest_route=\/wp\/v2\/posts"}],"about":[{"href":"https:\/\/zonaroja.com.mx\/index.php?rest_route=\/wp\/v2\/types\/post"}],"author":[{"embeddable":true,"href":"https:\/\/zonaroja.com.mx\/index.php?rest_route=\/wp\/v2\/users\/2"}],"replies":[{"embeddable":true,"href":"https:\/\/zonaroja.com.mx\/index.php?rest_route=%2Fwp%2Fv2%2Fcomments&post=82578"}],"version-history":[{"count":1,"href":"https:\/\/zonaroja.com.mx\/index.php?rest_route=\/wp\/v2\/posts\/82578\/revisions"}],"predecessor-version":[{"id":82580,"href":"https:\/\/zonaroja.com.mx\/index.php?rest_route=\/wp\/v2\/posts\/82578\/revisions\/82580"}],"wp:featuredmedia":[{"embeddable":true,"href":"https:\/\/zonaroja.com.mx\/index.php?rest_route=\/wp\/v2\/media\/82579"}],"wp:attachment":[{"href":"https:\/\/zonaroja.com.mx\/index.php?rest_route=%2Fwp%2Fv2%2Fmedia&parent=82578"}],"wp:term":[{"taxonomy":"category","embeddable":true,"href":"https:\/\/zonaroja.com.mx\/index.php?rest_route=%2Fwp%2Fv2%2Fcategories&post=82578"},{"taxonomy":"post_tag","embeddable":true,"href":"https:\/\/zonaroja.com.mx\/index.php?rest_route=%2Fwp%2Fv2%2Ftags&post=82578"}],"curies":[{"name":"wp","href":"https:\/\/api.w.org\/{rel}","templated":true}]}}