{"id":82581,"date":"2025-07-19T10:45:00","date_gmt":"2025-07-19T16:45:00","guid":{"rendered":"https:\/\/zonaroja.com.mx\/?p=82581"},"modified":"2025-07-19T07:51:30","modified_gmt":"2025-07-19T13:51:30","slug":"proyectan-rescate-del-tren-de-pasajeros-en-la-capital-oaxaquena","status":"publish","type":"post","link":"https:\/\/zonaroja.com.mx\/?p=82581","title":{"rendered":"Proyectan rescate del tren de pasajeros en la capital oaxaque\u00f1a"},"content":{"rendered":"\n<p>Lisbeth Mej\u00eda Reyes\/Zona Roja.<\/p>\n\n\n\n<p>Oaxaca, Oax., a 19 de julio de 2025.- El ayuntamiento de Oaxaca de Ju\u00e1rez proyecta el rescate del tren como medio de transporte en la ciudad, a trav\u00e9s de la rehabilitaci\u00f3n de la calzada Madero y la implementaci\u00f3n de un tren de pasajeros en un trayecto de 1.2 kil\u00f3metros, desde el Instituto Tecnol\u00f3gico hasta la antigua estaci\u00f3n del Ferrocarril Mexicano del Sur, en el barrio del Ex Marquesado.<\/p>\n\n\n\n<p>La obra, de la que a\u00fan no hay fecha para su ejecuci\u00f3n ni detalles del monto, es parte de una cartera de proyectos de esta administraci\u00f3n, dijo el presidente municipal, Raymundo Chagoya Villanueva, al confiar en el respaldo de la federaci\u00f3n y del gobierno estatal para las obras.<\/p>\n\n\n\n<p>\u00abTenemos un proyecto muy amplio de la rehabilitaci\u00f3n total de calzada Madero, ese proyecto urge, pero el monto es muy oneroso\u00bb, explic\u00f3 el pasado jueves en la conferencia semanal.&nbsp;<\/p>\n\n\n\n<p>De acuerdo con el concejal, se contempla la inclusi\u00f3n peatonal, de ciclistas (con una bici ruta) y de veh\u00edculos de motor. Pero tambi\u00e9n una conexi\u00f3n con el ferrocarril.<\/p>\n\n\n\n<p>\u00abEste ser\u00e1 un proyecto muy generoso porque nuestros vecinos de Santa Rosa, Pueblo Nuevo, Viguera, podr\u00edan llegar a este punto de transferencia que ser\u00eda el Tecnol\u00f3gico y de ah\u00ed tomar un tren de pasajeros en una distancia de 1.2 kil\u00f3metros, que es muy corta, para la estaci\u00f3n del ferrocarril y de ah\u00ed ingresar peatonalmente al Centro Hist\u00f3rico de Oaxaca\u00bb.<\/p>\n\n\n\n<p>Al citar que recientemente se reuni\u00f3 con Edna Vega Rangel, secretaria de Desarrollo Agrario, Territorial y Urbano (Sedatu), dijo que se le han planteado proyectos como este y la necesidad de concluir la rehabilitaci\u00f3n de la zona de pan y comedores de la Central de Abasto.<\/p>\n\n\n\n<p>Del banco de proyectos, expuso que antes no se hab\u00eda generado, pero que ahora son 28 proyectos de diferentes inversiones y que tambi\u00e9n se suman al programa anual de obras. Reconoci\u00f3 que \u00abno se van a poder ejecutar todos, pero haremos las gestiones para lograr lo m\u00e1s posible\u00bb.<\/p>\n\n\n\n<p>Como este proyecto de la calzada Madero, tambi\u00e9n coment\u00f3 el de la rehabilitaci\u00f3n del palacio municipal y la rehabilitaci\u00f3n y ampliaci\u00f3n de la avenida Monte Alb\u00e1n -Ignacio Bernal.<\/p>\n\n\n\n<p>OTROS 110 MDP<\/p>\n\n\n\n<p>Para concluir la remodelaci\u00f3n de la zona de pan y comedores de la Central de Abasto, que la Sedatu inici\u00f3 en febrero de 2023, el presidente municipal explic\u00f3 que la dependencia aportar\u00e1 89 millones de pesos m\u00e1s (aparte de los 218 millones que report\u00f3 en 2023).&nbsp;<\/p>\n\n\n\n<p>Sin embargo, de los 110 millones extra que se requieren, el municipio tendr\u00e1 que aportar el resto, 21 millones.<\/p>\n\n\n\n<p>Con esto, la remodelaci\u00f3n aumentar\u00e1 a un costo total de por lo menos 328 millones. Aparte de los otros 20 millones que la pasada administraci\u00f3n municipal dijo haber aportado para la reubicaci\u00f3n temporal de los cientos de comerciantes que llevan dos a\u00f1os y medio esperando la rehabilitaci\u00f3n de sus locales.<\/p>\n","protected":false},"excerpt":{"rendered":"<p>Lisbeth Mej\u00eda Reyes\/Zona Roja. Oaxaca, Oax., a 19 de julio de 2025.- El ayuntamiento de&hellip;<\/p>\n","protected":false},"author":2,"featured_media":82582,"comment_status":"closed","ping_status":"open","sticky":false,"template":"","format":"standard","meta":{"_lmt_disableupdate":"","_lmt_disable":"","_jetpack_memberships_contains_paid_content":false,"footnotes":""},"categories":[109,46],"tags":[4142],"class_list":["post-82581","post","type-post","status-publish","format-standard","has-post-thumbnail","hentry","category-minuto-a-minuto","category-zona-blanca","tag-raymundo-chagoya"],"jetpack_featured_media_url":"https:\/\/zonaroja.com.mx\/wp-content\/uploads\/2025\/07\/Estacion-de-ferrocarril-ciudad-de-Oaxaca.jpg","jetpack_sharing_enabled":true,"_links":{"self":[{"href":"https:\/\/zonaroja.com.mx\/index.php?rest_route=\/wp\/v2\/posts\/82581","targetHints":{"allow":["GET"]}}],"collection":[{"href":"https:\/\/zonaroja.com.mx\/index.php?rest_route=\/wp\/v2\/posts"}],"about":[{"href":"https:\/\/zonaroja.com.mx\/index.php?rest_route=\/wp\/v2\/types\/post"}],"author":[{"embeddable":true,"href":"https:\/\/zonaroja.com.mx\/index.php?rest_route=\/wp\/v2\/users\/2"}],"replies":[{"embeddable":true,"href":"https:\/\/zonaroja.com.mx\/index.php?rest_route=%2Fwp%2Fv2%2Fcomments&post=82581"}],"version-history":[{"count":1,"href":"https:\/\/zonaroja.com.mx\/index.php?rest_route=\/wp\/v2\/posts\/82581\/revisions"}],"predecessor-version":[{"id":82583,"href":"https:\/\/zonaroja.com.mx\/index.php?rest_route=\/wp\/v2\/posts\/82581\/revisions\/82583"}],"wp:featuredmedia":[{"embeddable":true,"href":"https:\/\/zonaroja.com.mx\/index.php?rest_route=\/wp\/v2\/media\/82582"}],"wp:attachment":[{"href":"https:\/\/zonaroja.com.mx\/index.php?rest_route=%2Fwp%2Fv2%2Fmedia&parent=82581"}],"wp:term":[{"taxonomy":"category","embeddable":true,"href":"https:\/\/zonaroja.com.mx\/index.php?rest_route=%2Fwp%2Fv2%2Fcategories&post=82581"},{"taxonomy":"post_tag","embeddable":true,"href":"https:\/\/zonaroja.com.mx\/index.php?rest_route=%2Fwp%2Fv2%2Ftags&post=82581"}],"curies":[{"name":"wp","href":"https:\/\/api.w.org\/{rel}","templated":true}]}}