{"id":82584,"date":"2025-07-19T18:56:00","date_gmt":"2025-07-20T00:56:00","guid":{"rendered":"https:\/\/zonaroja.com.mx\/?p=82584"},"modified":"2025-07-19T19:26:45","modified_gmt":"2025-07-20T01:26:45","slug":"auguran-que-habra-la-mejor-guelaguetza-de-lo-ultimos-anos","status":"publish","type":"post","link":"https:\/\/zonaroja.com.mx\/?p=82584","title":{"rendered":"Auguran que habr\u00e1 la mejor Guelaguetza de lo \u00faltimos a\u00f1os"},"content":{"rendered":"\n<p>Redacci\u00f3n\/Zona Roja.<\/p>\n\n\n\n<p>Oaxaca, Oax., a 19 de julio de 2025.- El senador Antonino Morales invit\u00f3 a la poblaci\u00f3n a asistir a los festejos de la Guelaguetza 2025, con los \u201cLunes del cerro\u201d en el auditorio \u201cGuelaguetza\u201d a partir de esta semana, al se\u00f1alar que este a\u00f1o se cuenta con la mejor organizaci\u00f3n en los \u00faltimos a\u00f1os de la m\u00e1xima fiesta intercultural de los oaxaque\u00f1os, con m\u00e1s de 140 actividades, en un marco de seguridad y paz para los visitantes,<\/p>\n\n\n\n<p>El legislador record\u00f3 que, a trav\u00e9s del Fondo Guelaguetza, constituido por las entradas de los d\u00edas 21 y 28 al Auditorio de la Guelaguetza, ser\u00e1 donado a las personas damnificadas por el paso del hurac\u00e1n \u201c\u00c9rick\u201d, por lo que se pedir\u00e1 a los asistentes a las gradas gratuitas que lleven un kilo de arroz, frijol, harina y otros alimentos. De igual forma, los ingresos de la Feria del Mezcal se donar\u00e1n a las poblaciones afectadas.<\/p>\n\n\n\n<p>\u201cLa tierra donde Dios nunca muere est\u00e1 lista para recibirlos como el coraz\u00f3n cultural y ling\u00fc\u00edstico, donde confluir\u00e1n el arte, el folclor, las tradiciones y la alegr\u00eda de los 16 pueblos originarios y afromexicano de nuestro estado, protagonistas de nuestra m\u00e1xima fiesta\u201d, se\u00f1al\u00f3 el senador Antonino Morales.<\/p>\n\n\n\n<p>En esta 93 edici\u00f3n de la Guelaguetza, el gobierno que encabeza Salom\u00f3n Jara organiz\u00f3 la realizaci\u00f3n de m\u00e1s de 140 eventos, con la asistencia de 55 delegaciones. Se espera que en los pr\u00f3ximos 15 d\u00edas asistan 11 mil personas al \u201clunes del cerro\u201d, en el Auditorio de El Fort\u00edn.<\/p>\n\n\n\n<p>En la Feria del Mezcal participan 384 empresas distribuidas en seis pabellones, con m\u00fasica, gastronom\u00eda y degustaciones, adem\u00e1s de la tradicional tlayuda como feria invitada. En el Centro de Convenciones estar\u00e1 la Feria Artesanal con 206 expositores de todo el estado y en el Parque Primavera la Expo Caf\u00e9, entre otros eventos.<\/p>\n\n\n\n<p>En la Plaza de la Danza se instal\u00f3 la Feria Gastron\u00f3mica con 42 cocineras y cocineros tradicionales que ofrecen tlayudas, caldo de piedra, tejate, pozontle barbacoa, los tradicionales moles, tamales, entre otros, con m\u00e1s de cuarenta representaciones art\u00edsticas y culturales, as\u00ed como la instalaci\u00f3n del Centro DIF para que los visitantes aporten un kilo de ayuda para las personas afectadas por el hurac\u00e1n \u00c9rick.<\/p>\n\n\n\n<p>De igual forma en los municipios vecinos habr\u00e1 festejo como la Feria del Queso y el Quesillo, en Etla; la Feria de las Carnes Asadas en Tlacolula de Matamoros; la Expoferia de la Cantera, en Apaxco; la Feria Gastron\u00f3mica en San Jacinto Amilpas, por mencionar algunos.<\/p>\n\n\n\n<p>Desde el d\u00eda 1 de julio se despleg\u00f3 el \u201cOperativo Guelaguetza Segura\u201d para garantizar no solo la seguridad de los visitantes, sino que el servicio de taxi respete tarifas, vigilancia en la capital y municipios vecinos, as\u00ed como en las 9 rutas gratuitas del BinniBus que mover\u00e1 a los visitantes a las diferentes sedes de la fiesta.<\/p>\n\n\n\n<p>Mientras que la ciudad de Oaxaca tiene listas siete mil habitaciones, para el arribo de m\u00e1s de 138 mil turistas en esta ocasi\u00f3n.<\/p>\n\n\n\n<p>\u201cEsta fiesta coloca a Oaxaca como un estado que est\u00e1 de moda, en paz, con convivencia e inversiones que le han posicionado como el \u00fanico estado que tuvo un crecimiento de 13.1% en 2023 y de 6.8% en 2024\u201d, dijo.<\/p>\n","protected":false},"excerpt":{"rendered":"<p>Redacci\u00f3n\/Zona Roja. Oaxaca, Oax., a 19 de julio de 2025.- El senador Antonino Morales invit\u00f3&hellip;<\/p>\n","protected":false},"author":2,"featured_media":82585,"comment_status":"closed","ping_status":"open","sticky":false,"template":"","format":"standard","meta":{"_lmt_disableupdate":"","_lmt_disable":"","_jetpack_memberships_contains_paid_content":false,"footnotes":""},"categories":[109,46],"tags":[180],"class_list":["post-82584","post","type-post","status-publish","format-standard","has-post-thumbnail","hentry","category-minuto-a-minuto","category-zona-blanca","tag-antonino-morales-toledo"],"jetpack_featured_media_url":"https:\/\/zonaroja.com.mx\/wp-content\/uploads\/2025\/07\/Antonino-Morales.jpg","jetpack_sharing_enabled":true,"_links":{"self":[{"href":"https:\/\/zonaroja.com.mx\/index.php?rest_route=\/wp\/v2\/posts\/82584","targetHints":{"allow":["GET"]}}],"collection":[{"href":"https:\/\/zonaroja.com.mx\/index.php?rest_route=\/wp\/v2\/posts"}],"about":[{"href":"https:\/\/zonaroja.com.mx\/index.php?rest_route=\/wp\/v2\/types\/post"}],"author":[{"embeddable":true,"href":"https:\/\/zonaroja.com.mx\/index.php?rest_route=\/wp\/v2\/users\/2"}],"replies":[{"embeddable":true,"href":"https:\/\/zonaroja.com.mx\/index.php?rest_route=%2Fwp%2Fv2%2Fcomments&post=82584"}],"version-history":[{"count":1,"href":"https:\/\/zonaroja.com.mx\/index.php?rest_route=\/wp\/v2\/posts\/82584\/revisions"}],"predecessor-version":[{"id":82586,"href":"https:\/\/zonaroja.com.mx\/index.php?rest_route=\/wp\/v2\/posts\/82584\/revisions\/82586"}],"wp:featuredmedia":[{"embeddable":true,"href":"https:\/\/zonaroja.com.mx\/index.php?rest_route=\/wp\/v2\/media\/82585"}],"wp:attachment":[{"href":"https:\/\/zonaroja.com.mx\/index.php?rest_route=%2Fwp%2Fv2%2Fmedia&parent=82584"}],"wp:term":[{"taxonomy":"category","embeddable":true,"href":"https:\/\/zonaroja.com.mx\/index.php?rest_route=%2Fwp%2Fv2%2Fcategories&post=82584"},{"taxonomy":"post_tag","embeddable":true,"href":"https:\/\/zonaroja.com.mx\/index.php?rest_route=%2Fwp%2Fv2%2Ftags&post=82584"}],"curies":[{"name":"wp","href":"https:\/\/api.w.org\/{rel}","templated":true}]}}