{"id":82596,"date":"2025-07-19T13:35:00","date_gmt":"2025-07-19T19:35:00","guid":{"rendered":"https:\/\/zonaroja.com.mx\/?p=82596"},"modified":"2025-07-19T09:39:33","modified_gmt":"2025-07-19T15:39:33","slug":"inclusion-arte-y-alegria-espiritu-de-la-payaguetza-2025-en-xoxocotlan","status":"publish","type":"post","link":"https:\/\/zonaroja.com.mx\/?p=82596","title":{"rendered":"Inclusi\u00f3n, arte y alegr\u00eda, esp\u00edritu de la \u201cPayaguetza 2025\u201d en Xoxocotl\u00e1n"},"content":{"rendered":"\n<p>Redacci\u00f3n\/Zona Roja.<\/p>\n\n\n\n<p>Oaxaca, Oax., a 19 de julio de 2025.- El parque central de Santa Cruz Xoxocotl\u00e1n se llen\u00f3 de colores, risas y buen humor, con la presencia de decenas de payasos locales que dieron vida a la \u201cPayaguetza 2025\u201d, un encuentro que une lo mejor de la tradici\u00f3n oaxaque\u00f1a con la magia del arte clown.<\/p>\n\n\n\n<p>Con el apoyo del gobierno municipal que encabeza Nancy Ben\u00edtez Z\u00e1rate, payasos provenientes de distintas regiones compartieron con las familias xoxe\u00f1as sus mejores trucos de comedia, maquillaje, malabares y espect\u00e1culos infantiles que les han hecho ganar el coraz\u00f3n de personas de todas las edades.&nbsp;<\/p>\n\n\n\n<p>\u201cLos recibimos con mucho cari\u00f1o, ma\u00f1ana continuar\u00e1n las actividades, compartir\u00e1n este espacio con nuestras cocineras tradicionales. Para nosotros es muy importante que Santa Cruz Xoxocotl\u00e1n se de a conocer en estas festividades de Guelaguetza\u201d.<\/p>\n\n\n\n<p>La \u201cPayaguetza\u201d no solo es un espect\u00e1culo, es un acto de alegr\u00eda colectiva. Los artistas compartieron con las familias xoxe\u00f1as su talento a trav\u00e9s de comedia, malabares, maquillaje y espect\u00e1culos que, m\u00e1s all\u00e1 de entretener, recordaron la importancia de re\u00edr, de jugar y de estar juntos.<\/p>\n\n\n\n<p>Los organizadores agradecieron el respaldo del municipio de Santa Cruz Xoxocotl\u00e1n para que este encuentro fuera un \u00e9xito.<\/p>\n\n\n\n<p>Este evento continuar\u00e1 este s\u00e1bado 19 de julio en el parque central de Santa Cruz Xoxocotl\u00e1n, en el marco de las actividades de la Guelaguetza.&nbsp;<\/p>\n","protected":false},"excerpt":{"rendered":"<p>Redacci\u00f3n\/Zona Roja. Oaxaca, Oax., a 19 de julio de 2025.- El parque central de Santa&hellip;<\/p>\n","protected":false},"author":2,"featured_media":82597,"comment_status":"closed","ping_status":"open","sticky":false,"template":"","format":"standard","meta":{"_lmt_disableupdate":"","_lmt_disable":"","_jetpack_memberships_contains_paid_content":false,"footnotes":""},"categories":[109,46],"tags":[133],"class_list":["post-82596","post","type-post","status-publish","format-standard","has-post-thumbnail","hentry","category-minuto-a-minuto","category-zona-blanca","tag-santa-cruz-xoxocotlan"],"jetpack_featured_media_url":"https:\/\/zonaroja.com.mx\/wp-content\/uploads\/2025\/07\/Payaguetza.jpeg","jetpack_sharing_enabled":true,"_links":{"self":[{"href":"https:\/\/zonaroja.com.mx\/index.php?rest_route=\/wp\/v2\/posts\/82596","targetHints":{"allow":["GET"]}}],"collection":[{"href":"https:\/\/zonaroja.com.mx\/index.php?rest_route=\/wp\/v2\/posts"}],"about":[{"href":"https:\/\/zonaroja.com.mx\/index.php?rest_route=\/wp\/v2\/types\/post"}],"author":[{"embeddable":true,"href":"https:\/\/zonaroja.com.mx\/index.php?rest_route=\/wp\/v2\/users\/2"}],"replies":[{"embeddable":true,"href":"https:\/\/zonaroja.com.mx\/index.php?rest_route=%2Fwp%2Fv2%2Fcomments&post=82596"}],"version-history":[{"count":1,"href":"https:\/\/zonaroja.com.mx\/index.php?rest_route=\/wp\/v2\/posts\/82596\/revisions"}],"predecessor-version":[{"id":82598,"href":"https:\/\/zonaroja.com.mx\/index.php?rest_route=\/wp\/v2\/posts\/82596\/revisions\/82598"}],"wp:featuredmedia":[{"embeddable":true,"href":"https:\/\/zonaroja.com.mx\/index.php?rest_route=\/wp\/v2\/media\/82597"}],"wp:attachment":[{"href":"https:\/\/zonaroja.com.mx\/index.php?rest_route=%2Fwp%2Fv2%2Fmedia&parent=82596"}],"wp:term":[{"taxonomy":"category","embeddable":true,"href":"https:\/\/zonaroja.com.mx\/index.php?rest_route=%2Fwp%2Fv2%2Fcategories&post=82596"},{"taxonomy":"post_tag","embeddable":true,"href":"https:\/\/zonaroja.com.mx\/index.php?rest_route=%2Fwp%2Fv2%2Ftags&post=82596"}],"curies":[{"name":"wp","href":"https:\/\/api.w.org\/{rel}","templated":true}]}}