{"id":82599,"date":"2025-07-19T14:42:00","date_gmt":"2025-07-19T20:42:00","guid":{"rendered":"https:\/\/zonaroja.com.mx\/?p=82599"},"modified":"2025-07-19T09:45:17","modified_gmt":"2025-07-19T15:45:17","slug":"vinculan-a-proceso-a-sujeto-que-secuestro-a-un-elemento-de-la-aei","status":"publish","type":"post","link":"https:\/\/zonaroja.com.mx\/?p=82599","title":{"rendered":"Vinculan a proceso a sujeto que secuestro a un elemento de la AEI"},"content":{"rendered":"\n<p>Redacci\u00f3n\/Zona Roja.&nbsp;<\/p>\n\n\n\n<p>Oaxaca, Oax., a 18 de julio de 2025.- La Fiscal\u00eda General del Estado de Oaxaca (FGEO) obtuvo auto de vinculaci\u00f3n a proceso y prisi\u00f3n en contra de una persona del sexo masculino identificada como C.D.E.P., imputado por el delito de secuestro agravado, tentativa de homicidio y homicidio de un Agente Estatal de Investigaci\u00f3n (AEI), ocurrido en la regi\u00f3n Mixteca.<\/p>\n\n\n\n<p>Conforme a lo establecido en el expediente penal, la vinculaci\u00f3n a proceso deriva por hechos ocurridos la noche del mi\u00e9rcoles 7 de mayo de 2025, en que la FGEO recibi\u00f3 el reporte sobre la comisi\u00f3n del secuestro de una persona del sexo masculino, quien fue privado ilegalmente de la libertad en el municipio de San Miguel El Grande.<\/p>\n\n\n\n<p>La investigaci\u00f3n detalla que durante el operativo encabezado por Agentes Estatales de Investigaci\u00f3n (AEI) y coordinado con la Polic\u00eda Vial Estatal, efectuado en San Pedro y San Pablo Teposcolula, lograron la liberaci\u00f3n con vida de la v\u00edctima, adem\u00e1s de la detenci\u00f3n los probables responsables, originarios de la Ciudad de M\u00e9xico y del Estado de M\u00e9xico, a quienes les aseguraron armas largas exclusivas del Ej\u00e9rcito, mientras que, en el cumplimiento de su deber, perdi\u00f3 la vida un agente investigador de iniciales I.J.A.R. con n\u00famero de placa 653 y otro m\u00e1s result\u00f3 lesionado.<\/p>\n\n\n\n<p>Ante estos hechos, la FGEO a trav\u00e9s de la Vicefiscal\u00eda Regional de la Mixteca, llev\u00f3 ante el juez al detenido por su participaci\u00f3n en la comisi\u00f3n de los delitos de secuestro, homicidio y lesiones por lo que quedaron a disposici\u00f3n de la autoridad correspondiente.<\/p>\n\n\n\n<p>Una vez que el Juez de la causa valor\u00f3 todas las pruebas aportadas por la FGEO, dict\u00f3 vinculaci\u00f3n o proceso en contra de C.D.E.P., por su participaci\u00f3n en la comisi\u00f3n de los delitos de secuestro, homicidio y lesiones e impuso la medida cautelar de prisi\u00f3n preventiva oficiosa, otorgando tres meses para el cierre de las investigaciones.<\/p>\n\n\n\n<p>SENTENCIA POR NARCOMENUDEO<\/p>\n\n\n\n<p>Por otra parte, la Fiscal\u00eda General obtuvo una sentencia condenatoria de diez meses de prisi\u00f3n contra una persona del sexo masculino identificado como Roberto C.M.M., responsable por el delito contra la salud cometido en agravio de la sociedad en hechos ocurridos en la regi\u00f3n de la Costa.<\/p>\n\n\n\n<p>De acuerdo a la causa penal del caso, Roberto C.M.M., fue detenido por posesi\u00f3n de drogas derivado de un reporte del Centro de Control y Comando C2 en el que alert\u00f3 que una persona del sexo masculino se encontraba tirada con aspecto sospechoso en la carretera libramiento norte cerca de la entrada de la ciudad de Santiago Pinotepa Nacional.<\/p>\n\n\n\n<p>Al llegar los elementos policiales, le solicitaron se levantara para despu\u00e9s realizarle una revisi\u00f3n de rutina y, al llevar a cabo la inspecci\u00f3n legal, los elementos policiales hallaron entre sus pertenencias bolsas de marihuana, dos tel\u00e9fonos celulares, un cuchillo, tarjetas y credenciales a nombre de otra persona, motivo por el cual fue detenido y puesto a disposici\u00f3n de la autoridad ministerial.<\/p>\n\n\n\n<p>Ante estos hechos, la Fiscal\u00eda de Oaxaca -a trav\u00e9s de la Vicefiscal\u00eda Regional de la Costa- reuni\u00f3 las pruebas necesarias sobre estos indicios para entregarlas al juez de la causa, quien despu\u00e9s valorarlas dict\u00f3 sentencia condenatoria de diez meses de prisi\u00f3n en contra del imputado Roberto C.M.M., por el delito contra la salud adem\u00e1s del pago de una multa econ\u00f3mica.<\/p>\n","protected":false},"excerpt":{"rendered":"<p>Redacci\u00f3n\/Zona Roja.&nbsp; Oaxaca, Oax., a 18 de julio de 2025.- La Fiscal\u00eda General del Estado&hellip;<\/p>\n","protected":false},"author":2,"featured_media":69301,"comment_status":"closed","ping_status":"open","sticky":false,"template":"","format":"standard","meta":{"_lmt_disableupdate":"","_lmt_disable":"","_jetpack_memberships_contains_paid_content":false,"footnotes":""},"categories":[109,46],"tags":[494],"class_list":["post-82599","post","type-post","status-publish","format-standard","has-post-thumbnail","hentry","category-minuto-a-minuto","category-zona-blanca","tag-fiscalia-general-del-estado-de-oaxaca"],"jetpack_featured_media_url":"https:\/\/zonaroja.com.mx\/wp-content\/uploads\/2024\/06\/Agenci-Estatal-de-Investigaciones-AEI.jpg","jetpack_sharing_enabled":true,"_links":{"self":[{"href":"https:\/\/zonaroja.com.mx\/index.php?rest_route=\/wp\/v2\/posts\/82599","targetHints":{"allow":["GET"]}}],"collection":[{"href":"https:\/\/zonaroja.com.mx\/index.php?rest_route=\/wp\/v2\/posts"}],"about":[{"href":"https:\/\/zonaroja.com.mx\/index.php?rest_route=\/wp\/v2\/types\/post"}],"author":[{"embeddable":true,"href":"https:\/\/zonaroja.com.mx\/index.php?rest_route=\/wp\/v2\/users\/2"}],"replies":[{"embeddable":true,"href":"https:\/\/zonaroja.com.mx\/index.php?rest_route=%2Fwp%2Fv2%2Fcomments&post=82599"}],"version-history":[{"count":1,"href":"https:\/\/zonaroja.com.mx\/index.php?rest_route=\/wp\/v2\/posts\/82599\/revisions"}],"predecessor-version":[{"id":82600,"href":"https:\/\/zonaroja.com.mx\/index.php?rest_route=\/wp\/v2\/posts\/82599\/revisions\/82600"}],"wp:featuredmedia":[{"embeddable":true,"href":"https:\/\/zonaroja.com.mx\/index.php?rest_route=\/wp\/v2\/media\/69301"}],"wp:attachment":[{"href":"https:\/\/zonaroja.com.mx\/index.php?rest_route=%2Fwp%2Fv2%2Fmedia&parent=82599"}],"wp:term":[{"taxonomy":"category","embeddable":true,"href":"https:\/\/zonaroja.com.mx\/index.php?rest_route=%2Fwp%2Fv2%2Fcategories&post=82599"},{"taxonomy":"post_tag","embeddable":true,"href":"https:\/\/zonaroja.com.mx\/index.php?rest_route=%2Fwp%2Fv2%2Ftags&post=82599"}],"curies":[{"name":"wp","href":"https:\/\/api.w.org\/{rel}","templated":true}]}}