{"id":82601,"date":"2025-07-19T21:05:07","date_gmt":"2025-07-20T03:05:07","guid":{"rendered":"https:\/\/zonaroja.com.mx\/?p=82601"},"modified":"2025-07-19T21:05:07","modified_gmt":"2025-07-20T03:05:07","slug":"cantante-oaxaquena-denuncia-falta-de-pago-de-concierto-en-la-capital","status":"publish","type":"post","link":"https:\/\/zonaroja.com.mx\/?p=82601","title":{"rendered":"Cantante oaxaque\u00f1a denuncia falta de pago de concierto en la capital&nbsp;"},"content":{"rendered":"\n<p>Lisbeth Mej\u00eda Reyes\/Zona Roja.&nbsp;<\/p>\n\n\n\n<p>Oaxaca, Oax., a 19 de julio de 2025.- A casi tres meses del concierto, como parte del festival Primavera y del aniversario 493 de la ciudad, el ayuntamiento de Oaxaca de Ju\u00e1rez ha incumplido con el pago a la cantante Rub\u00ed L\u00f3pez, quien se present\u00f3 en el barrio de Jalatlaco el pasado 25 de abril.<\/p>\n\n\n\n<p>Ante las respuestas de la autoridad municipal, de que \u00abhay muchos retrasos en pagos\u00bb, la joven tuvo que recurrir a las redes sociales para exponer su caso y la serie de irregularidades cometidas por empleados de la secretar\u00eda de Turismo municipal que tambi\u00e9n afectaron al p\u00fablico.<\/p>\n\n\n\n<p>\u00abManej\u00e9 precios s\u00faper bajos con tal de tener el espacio y llevar a todo mi equipo\u00bb, explic\u00f3 la int\u00e9rprete. Pero ahora, en el ayuntamiento solo le responden \u00abque hay muchos retrasos de pagos, con que no s\u00e9 qu\u00e9, pero la verdad yo nunca hice que mi equipo les faltara al respeto con este tipo de situaciones\u00bb.<\/p>\n\n\n\n<p>Para el festival Primavera, el gobierno estatal y el municipal ofrecieron conciertos gratuitos Los \u00c1ngeles Azules y Molotov, respectivamente, pero pagados con recursos p\u00fablicos. De los primeros, la Secretar\u00eda de las Culturas dijo que pagaron m\u00e1s de 4.5 millones de pesos. Del segundo, que toc\u00f3 al ayuntamiento, no se ha transparentado la informaci\u00f3n.<\/p>\n\n\n\n<p>Adem\u00e1s de la falta de pago, la cantante oaxaque\u00f1a detall\u00f3 que el d\u00eda del concierto, programado para las 19:00 horas, no pudo hacer pruebas de audio.<\/p>\n\n\n\n<p>\u00abDieron las 7:00 y recib\u00ed una llamada dici\u00e9ndome que ya, que ya empez\u00e1ramos, que ya era hora. 7:30 y resulta que se nos iba la luz porque adivinen qu\u00e9, no contrataron una planta de luz. Entre el audio y municipio se echaron la bolita&#8230; Dijeron que ya ven\u00eda la planta de luz y adivinen a qu\u00e9 hora llegaron?&nbsp;<\/p>\n\n\n\n<p>Bueno, pues entre llanto y coraje, sub\u00ed a cantar despu\u00e9s de las 8:40&#8243;.<\/p>\n\n\n\n<p>A pesar de las fallas t\u00e9cnicas y falta de profesionalismo de la autoridad, sus compa\u00f1eros y ella solucionaron los problemas. Sin embargo, lament\u00f3 que ante la espera del pago, tenga que responder a sus colegas: \u201ces que en la siguiente quincena tal vez depositan\u201d.<\/p>\n\n\n\n<p>Rub\u00ed dijo sentirse triste por tener que exponer as\u00ed su caso, ya que es muy probable que por la denuncia le cierren las puertas en la administraci\u00f3n municipal o estatal. \u00abPero la verdad tampoco depend\u00eda mucho de ellos y no me importa\u00bb, pues \u00absiempre he visto por mis intereses yo sola y no pienso quedar bien con gente que est\u00e1 ofendida con mi sentir\u00bb.<\/p>\n\n\n\n<p>Tras la denuncia, otros int\u00e9rpretes respaldaron a Rub\u00ed y contaron que han vivido situaciones similares con la administraci\u00f3n municipal. Adem\u00e1s de se\u00f1alar a los gobiernos de Oaxaca de menospreciar a las y los artistas de la entidad.<\/p>\n","protected":false},"excerpt":{"rendered":"<p>Lisbeth Mej\u00eda Reyes\/Zona Roja.&nbsp; Oaxaca, Oax., a 19 de julio de 2025.- A casi tres&hellip;<\/p>\n","protected":false},"author":2,"featured_media":82590,"comment_status":"closed","ping_status":"open","sticky":false,"template":"","format":"standard","meta":{"_lmt_disableupdate":"","_lmt_disable":"","_jetpack_memberships_contains_paid_content":false,"footnotes":""},"categories":[109,47],"tags":[],"class_list":["post-82601","post","type-post","status-publish","format-standard","has-post-thumbnail","hentry","category-minuto-a-minuto","category-zona-gris"],"jetpack_featured_media_url":"https:\/\/zonaroja.com.mx\/wp-content\/uploads\/2025\/07\/Artista-exige-pago-ciudad-de-Oaxaca-1.jpg","jetpack_sharing_enabled":true,"_links":{"self":[{"href":"https:\/\/zonaroja.com.mx\/index.php?rest_route=\/wp\/v2\/posts\/82601","targetHints":{"allow":["GET"]}}],"collection":[{"href":"https:\/\/zonaroja.com.mx\/index.php?rest_route=\/wp\/v2\/posts"}],"about":[{"href":"https:\/\/zonaroja.com.mx\/index.php?rest_route=\/wp\/v2\/types\/post"}],"author":[{"embeddable":true,"href":"https:\/\/zonaroja.com.mx\/index.php?rest_route=\/wp\/v2\/users\/2"}],"replies":[{"embeddable":true,"href":"https:\/\/zonaroja.com.mx\/index.php?rest_route=%2Fwp%2Fv2%2Fcomments&post=82601"}],"version-history":[{"count":1,"href":"https:\/\/zonaroja.com.mx\/index.php?rest_route=\/wp\/v2\/posts\/82601\/revisions"}],"predecessor-version":[{"id":82602,"href":"https:\/\/zonaroja.com.mx\/index.php?rest_route=\/wp\/v2\/posts\/82601\/revisions\/82602"}],"wp:featuredmedia":[{"embeddable":true,"href":"https:\/\/zonaroja.com.mx\/index.php?rest_route=\/wp\/v2\/media\/82590"}],"wp:attachment":[{"href":"https:\/\/zonaroja.com.mx\/index.php?rest_route=%2Fwp%2Fv2%2Fmedia&parent=82601"}],"wp:term":[{"taxonomy":"category","embeddable":true,"href":"https:\/\/zonaroja.com.mx\/index.php?rest_route=%2Fwp%2Fv2%2Fcategories&post=82601"},{"taxonomy":"post_tag","embeddable":true,"href":"https:\/\/zonaroja.com.mx\/index.php?rest_route=%2Fwp%2Fv2%2Ftags&post=82601"}],"curies":[{"name":"wp","href":"https:\/\/api.w.org\/{rel}","templated":true}]}}