{"id":82603,"date":"2025-07-20T07:47:00","date_gmt":"2025-07-20T13:47:00","guid":{"rendered":"https:\/\/zonaroja.com.mx\/?p=82603"},"modified":"2025-07-20T06:50:28","modified_gmt":"2025-07-20T12:50:28","slug":"anuncia-sheinbaum-3-mil-mdp-para-el-sector-salud-de-oaxaca","status":"publish","type":"post","link":"https:\/\/zonaroja.com.mx\/?p=82603","title":{"rendered":"Anuncia Sheinbaum 3 mil mdp para el sector salud de Oaxaca"},"content":{"rendered":"\n<p>Ismael Garc\u00eda M.\/Zona Roja.<\/p>\n\n\n\n<p>Oaxaca, Oax., a 20 de julio de 2025.- Al supervisar el hospital del IMSS-Bienestar en San Juan Bautista Tuxtepec, la Presidenta de M\u00e9xico, Claudia Sheinabum, anunci\u00f3 una inversi\u00f3n de tres mil millones de pesos para el sector salud de Oaxaca, a lo largo de su sexenio.<\/p>\n\n\n\n<p>La tarde de este s\u00e1bado y al lado del gobernador Salom\u00f3n Jara Cruz, la mandataria destac\u00f3 que en breve iniciar\u00e1 tambi\u00e9n la distribuci\u00f3n de medicamentos y medicinas en la entidad, as\u00ed como la asignaci\u00f3n de equipos a hospitales que lo requiera.<\/p>\n\n\n\n<p>Del hospital de Tuxtepec, tuvo una inversi\u00f3n de dos mil 300 millones de pesos y beneficiar\u00e1 a m\u00e1s de un mill\u00f3n 200 mil personas de la regi\u00f3n de la Cuenca del Papaloapan, de Oaxaca y de Veracruz; se construy\u00f3 con la venta del avi\u00f3n presidencial y ser\u00e1 inaugurado formalmente el pr\u00f3ximo 4 de agosto.<\/p>\n\n\n\n<p>\u201cEs un s\u00edmbolo el Hospital de Tuxtepec, en muchos sentidos, f\u00edjense, lo primero: se construy\u00f3 vendiendo el avi\u00f3n presidencial, ese que compr\u00f3 (Felipe) Calder\u00f3n para regal\u00e1rselo a (Enrique) Pe\u00f1a y que se us\u00f3 durante ese periodo, un avi\u00f3n lujoso, de mucho dinero.&nbsp;<\/p>\n\n\n\n<p>\u201cNuestro Presidente Andr\u00e9s Manuel L\u00f3pez Obrador, el mejor presidente que ha tenido nuestro pa\u00eds, dijo: \u2018lujos no, privilegios para los gobernantes no, el avi\u00f3n presidencial se va a vender y la venta va a ser para construir dos hospitales, uno para el pueblo de Guerrero, en Tlapa, y otro para el pueblo de Oaxaca en Tuxtepec\u2019., destac\u00f3 en su mensaje.<\/p>\n\n\n\n<p>La nueva unidad m\u00e9dica contar\u00e1 con 150 camas: 90 censables y 60 no censables; tres quir\u00f3fanos; 25 consultorios; dos salas de parto de alto riesgo, seis cub\u00edculos de trabajo de parto y dos ambulancias.<\/p>\n\n\n\n<figure class=\"wp-block-embed is-type-rich is-provider-twitter wp-block-embed-twitter\"><div class=\"wp-block-embed__wrapper\">\n<div class=\"twitter-tweet\"><blockquote class=\"twitter-tweet\" data-lang=\"es\"><p lang=\"es\" dir=\"ltr\">Y este es el mensaje de la Presidenta <a href=\"https:\/\/twitter.com\/Claudiashein?ref_src=twsrc%5Etfw\">@Claudiashein<\/a>, en que precisa que el hospital de Tuxtepec debi\u00f3 inaugurarse hoy pero no pudo llegar el equipo de ox\u00edgeno. <br><br>Pone nueva fecha: ser\u00e1 el pr\u00f3ximo 4 de agosto. <br><br>Y anuncia que durante su sexenio invertir\u00e1 tres mil millones de pesos\u2026 <a href=\"https:\/\/t.co\/yqEfhFF9bt\">pic.twitter.com\/yqEfhFF9bt<\/a><\/p>&mdash; Zona Roja Oaxaca (@ZonaRoja_Oaxaca) <a href=\"https:\/\/twitter.com\/ZonaRoja_Oaxaca\/status\/1946716813179437426?ref_src=twsrc%5Etfw\">19 de julio de 2025<\/a><\/blockquote><\/div>\n<\/div><\/figure>\n\n\n\n<p>\u201cAs\u00ed que es un gran s\u00edmbolo este hospital, es atenci\u00f3n de primer nivel para el pueblo de Oaxaca y tambi\u00e9n significa que se acabaron los privilegios del gobernante. Nosotros los que venimos de la Cuarta Transformaci\u00f3n, los que somos de la Cuarta Transformaci\u00f3n, gobernamos con el pueblo, por el pueblo y para el pueblo de M\u00e9xico\u201d, asegur\u00f3 la mandataria.<\/p>\n\n\n\n<p>Adicionalmente, la jefa del Ejecutivo Federal anunci\u00f3 una inversi\u00f3n de tres mil millones de pesos para fortalecer el sistema de salud en esta entidad para garantizar el funcionamiento de todos los quir\u00f3fanos, la contrataci\u00f3n de especialistas y personal m\u00e9dico en centros de salud y hospitales; y rehabilitaci\u00f3n de hospitales.<\/p>\n\n\n\n<p>El director general del IMSS Bienestar, Alejandro Svarch P\u00e9rez, puntualiz\u00f3 que la inversi\u00f3n de tres mil millones autorizada por la Presidenta se utilizar\u00e1 para la sustituci\u00f3n del Hospital General \u201cDr. Aurelio Valdivieso\u201d; la adquisici\u00f3n de un nuevo acelerador lineal para el Centro de Oncolog\u00eda y Radioterapia de Oaxaca (CORO); la conclusi\u00f3n de obra del Hospital Psiqui\u00e1trico; la sustituci\u00f3n del Hospital General de San Pablo de Huixtepec; y la sustituci\u00f3n del Hospital General de Huajuapan.<\/p>\n\n\n\n<p>RECONOCE INVERSI\u00d3N<\/p>\n\n\n\n<p>El gobernador de Oaxaca, Salom\u00f3n Jara Cruz, agradeci\u00f3 la voluntad de la Presidenta para llevar justicia a las y los oaxaque\u00f1os con esta infraestructura hospitalaria, que se suma al reci\u00e9n inaugurado Hospital de la Mujer y la Ni\u00f1ez Oaxaque\u00f1a, al Hospital Civil \u201cDr. Aurelio Valdivieso\u201d y a los centros de salud reci\u00e9n inaugurados en Ixtl\u00e1n, Santiago Astata y San Pablo Villa de Mitla.<\/p>\n\n\n\n<p>Supervisan Claudia Sheinbaum y Salom\u00f3n Jara construcci\u00f3n del Hospital General IMSS Bienestar Tuxtepec<\/p>\n\n\n\n<p>\u201cLa construcci\u00f3n y equipamiento de este emblem\u00e1tico hospital es solo una muestra m\u00e1s de la voluntad del Gobierno de la Rep\u00fablica para saldar la deuda hist\u00f3rica con nuestros pueblos y nuestras comunidades, con los sectores m\u00e1s marginados y excluidos, y con cualquier persona que requiera para s\u00ed o para su familia, atenci\u00f3n m\u00e9dica de calidad y medicamentos gratuitos\u201d, dijo.<\/p>\n\n\n\n<p>En este marco, Jara Cruz reconoci\u00f3 los esfuerzos del Gobierno de M\u00e9xico para abastecer las claves de medicamentos y contratar personal sanitario para el adecuado funcionamiento del sistema de salud en el estado.<\/p>\n\n\n\n<p>\u201cCada obra y cada peso invertido en la salud de las y los oaxaque\u00f1os es invaluable, porque representa esperanza y dignidad para nuestro pueblo\u201d, expres\u00f3.<\/p>\n","protected":false},"excerpt":{"rendered":"<p>Ismael Garc\u00eda M.\/Zona Roja. Oaxaca, Oax., a 20 de julio de 2025.- Al supervisar el&hellip;<\/p>\n","protected":false},"author":2,"featured_media":82604,"comment_status":"closed","ping_status":"open","sticky":false,"template":"","format":"standard","meta":{"_lmt_disableupdate":"","_lmt_disable":"","_jetpack_memberships_contains_paid_content":false,"footnotes":""},"categories":[109,46],"tags":[4365,939],"class_list":["post-82603","post","type-post","status-publish","format-standard","has-post-thumbnail","hentry","category-minuto-a-minuto","category-zona-blanca","tag-claudia-sheinbaum-en-oaxaca","tag-salomon-jara-cruz"],"jetpack_featured_media_url":"https:\/\/zonaroja.com.mx\/wp-content\/uploads\/2025\/07\/Salomon-Jara-y-Claudia-Sheinbaum-Tuxtepec.jpeg","jetpack_sharing_enabled":true,"_links":{"self":[{"href":"https:\/\/zonaroja.com.mx\/index.php?rest_route=\/wp\/v2\/posts\/82603","targetHints":{"allow":["GET"]}}],"collection":[{"href":"https:\/\/zonaroja.com.mx\/index.php?rest_route=\/wp\/v2\/posts"}],"about":[{"href":"https:\/\/zonaroja.com.mx\/index.php?rest_route=\/wp\/v2\/types\/post"}],"author":[{"embeddable":true,"href":"https:\/\/zonaroja.com.mx\/index.php?rest_route=\/wp\/v2\/users\/2"}],"replies":[{"embeddable":true,"href":"https:\/\/zonaroja.com.mx\/index.php?rest_route=%2Fwp%2Fv2%2Fcomments&post=82603"}],"version-history":[{"count":1,"href":"https:\/\/zonaroja.com.mx\/index.php?rest_route=\/wp\/v2\/posts\/82603\/revisions"}],"predecessor-version":[{"id":82605,"href":"https:\/\/zonaroja.com.mx\/index.php?rest_route=\/wp\/v2\/posts\/82603\/revisions\/82605"}],"wp:featuredmedia":[{"embeddable":true,"href":"https:\/\/zonaroja.com.mx\/index.php?rest_route=\/wp\/v2\/media\/82604"}],"wp:attachment":[{"href":"https:\/\/zonaroja.com.mx\/index.php?rest_route=%2Fwp%2Fv2%2Fmedia&parent=82603"}],"wp:term":[{"taxonomy":"category","embeddable":true,"href":"https:\/\/zonaroja.com.mx\/index.php?rest_route=%2Fwp%2Fv2%2Fcategories&post=82603"},{"taxonomy":"post_tag","embeddable":true,"href":"https:\/\/zonaroja.com.mx\/index.php?rest_route=%2Fwp%2Fv2%2Ftags&post=82603"}],"curies":[{"name":"wp","href":"https:\/\/api.w.org\/{rel}","templated":true}]}}