{"id":82606,"date":"2025-07-20T08:53:00","date_gmt":"2025-07-20T14:53:00","guid":{"rendered":"https:\/\/zonaroja.com.mx\/?p=82606"},"modified":"2025-07-20T06:54:28","modified_gmt":"2025-07-20T12:54:28","slug":"acuerdan-unas-40-organizaciones-reconstitucion-autocritica-del-movimiento-social","status":"publish","type":"post","link":"https:\/\/zonaroja.com.mx\/?p=82606","title":{"rendered":"Acuerdan unas 40 organizaciones reconstituci\u00f3n autocr\u00edtica del movimiento social"},"content":{"rendered":"\n<p>Lisbeth Mej\u00eda Reyes\/Zona Roja.&nbsp;<\/p>\n\n\n\n<p>Oaxaca, Oax., a 20 de julio de 2025.- En medio de las fiestas de Guelaguetza, 40 organizaciones sociales y sindicales del estado acordaron la reconstituci\u00f3n autocr\u00edtica del movimiento social del estado de Oaxaca, ante un contexto que describieron como uno de continuidad de pol\u00edticas neoliberales por parte del gobierno estatal y el federal.<\/p>\n\n\n\n<p>Las organizaciones y colectivos de provenientes de 60 comunidades, y con una asistencia total de 336 personas, se reunieron el pasado17 de julio en el auditorio \u201cEnedino Jim\u00e9nez\u201d, en el barrio Ex marquesado, de la ciudad de Oaxaca de Ju\u00e1rez, para su primera asamblea por la reconstituci\u00f3n del movimiento social en Oaxaca. Ah\u00ed tambi\u00e9n acordaron convocar a una segunda reuni\u00f3n, con fecha por definir.<\/p>\n\n\n\n<p>En las mesas de trabajo, paneles y plenarias, debatieron la memoria hist\u00f3rica, los logros y los desaf\u00edos del movimiento social oaxaque\u00f1o.<\/p>\n\n\n\n<p>De acuerdo con su pronunciamiento resultado de la asamblea, los gobiernos estatal y federal mantienen \u00abpol\u00edticas de despojo y estrategias de cooptaci\u00f3n, represi\u00f3n, militarizaci\u00f3n, y criminalizaci\u00f3n de activistas, defensores y luchadores sociales\u201d.<\/p>\n\n\n\n<p>La situaci\u00f3n se agrava por los \u00abmegaproyectos impuestos, leyes de control social, desmantelamiento del sistema de salud y educativo, programas de gobierno asistencialistas y el incremento desmedido de la violencia, as\u00ed como el contubernio entre el crimen organizado y el estado. Asimismo, existe una terrible discriminaci\u00f3n hacia las diversidades sexo gen\u00e9ricas quienes enfrentan desigualdades en derechos y violencia cotidiana\u00bb.<\/p>\n\n\n\n<p>Las organizaciones denunciaron que entre las m\u00faltiples violencias que persisten en el estado est\u00e1n un gran n\u00famero de feminicidios impunes. Adem\u00e1s de la actitud autoritaria y represiva del estado, como el pasado 8 de marzo, ante la movilizaci\u00f3n de las mujeres.<\/p>\n\n\n\n<p>Al denunciar que el pueblo originario oaxaque\u00f1o se debate en la precariedad y la pobreza, con un estado que simula bienestar, los participantes tambi\u00e9n alertaron sobre el avance del autoritarismo de la llamada \u201cPrimavera Oaxaque\u00f1a\u201d y la \u201cCuarta Transformaci\u00f3n\u201d, pues incluso \u00abpretenden prohibir las manifestaciones art\u00edsticas y culturales en las calles por mandato de los empresarios que se apropian de nuestra cultura y nuestros espacios p\u00fablicos para lucrar con ellos incentivando la gentrificaci\u00f3n y turistificaci\u00f3n\u00bb.<\/p>\n\n\n\n<p>La falta de acceso real a la educaci\u00f3n p\u00fablica para la juventud fue otra de las denuncias de las organizaciones, al igual que la grave situaci\u00f3n de los ecosistemas y la biodiversidad por diversos factores econ\u00f3micos y las nulas pol\u00edticas ambientales para evitar y contrarrestar la cat\u00e1strofe clim\u00e1tica.<\/p>\n\n\n\n<p>A ra\u00edz de estas reflexiones, la asamblea acord\u00f3 que es urgente hacer memoria hist\u00f3rica de las luchas de los pueblos de Oaxaca, que como organizaciones sociales y sindicales se reconstituyan y mantengan un di\u00e1logo permanente, maduro, autocr\u00edtico, fraterno y sororo.&nbsp;<\/p>\n\n\n\n<p>Tambi\u00e9n se comprometieron a \u00abconstruir un movimiento desde abajo y a la izquierda donde la lucha de las mujeres tenga la gran relevancia que merece y en donde se respete la participaci\u00f3n de las diversidades sexogen\u00e9ricas\u201d.<\/p>\n","protected":false},"excerpt":{"rendered":"<p>Lisbeth Mej\u00eda Reyes\/Zona Roja.&nbsp; Oaxaca, Oax., a 20 de julio de 2025.- En medio de&hellip;<\/p>\n","protected":false},"author":2,"featured_media":82591,"comment_status":"closed","ping_status":"open","sticky":false,"template":"","format":"standard","meta":{"_lmt_disableupdate":"","_lmt_disable":"","_jetpack_memberships_contains_paid_content":false,"footnotes":""},"categories":[109,46],"tags":[],"class_list":["post-82606","post","type-post","status-publish","format-standard","has-post-thumbnail","hentry","category-minuto-a-minuto","category-zona-blanca"],"jetpack_featured_media_url":"https:\/\/zonaroja.com.mx\/wp-content\/uploads\/2025\/07\/Foro-reorganizacion-organizaciones-sociales-y-seccion-22.jpeg","jetpack_sharing_enabled":true,"_links":{"self":[{"href":"https:\/\/zonaroja.com.mx\/index.php?rest_route=\/wp\/v2\/posts\/82606","targetHints":{"allow":["GET"]}}],"collection":[{"href":"https:\/\/zonaroja.com.mx\/index.php?rest_route=\/wp\/v2\/posts"}],"about":[{"href":"https:\/\/zonaroja.com.mx\/index.php?rest_route=\/wp\/v2\/types\/post"}],"author":[{"embeddable":true,"href":"https:\/\/zonaroja.com.mx\/index.php?rest_route=\/wp\/v2\/users\/2"}],"replies":[{"embeddable":true,"href":"https:\/\/zonaroja.com.mx\/index.php?rest_route=%2Fwp%2Fv2%2Fcomments&post=82606"}],"version-history":[{"count":1,"href":"https:\/\/zonaroja.com.mx\/index.php?rest_route=\/wp\/v2\/posts\/82606\/revisions"}],"predecessor-version":[{"id":82607,"href":"https:\/\/zonaroja.com.mx\/index.php?rest_route=\/wp\/v2\/posts\/82606\/revisions\/82607"}],"wp:featuredmedia":[{"embeddable":true,"href":"https:\/\/zonaroja.com.mx\/index.php?rest_route=\/wp\/v2\/media\/82591"}],"wp:attachment":[{"href":"https:\/\/zonaroja.com.mx\/index.php?rest_route=%2Fwp%2Fv2%2Fmedia&parent=82606"}],"wp:term":[{"taxonomy":"category","embeddable":true,"href":"https:\/\/zonaroja.com.mx\/index.php?rest_route=%2Fwp%2Fv2%2Fcategories&post=82606"},{"taxonomy":"post_tag","embeddable":true,"href":"https:\/\/zonaroja.com.mx\/index.php?rest_route=%2Fwp%2Fv2%2Ftags&post=82606"}],"curies":[{"name":"wp","href":"https:\/\/api.w.org\/{rel}","templated":true}]}}