{"id":82608,"date":"2025-07-20T09:45:00","date_gmt":"2025-07-20T15:45:00","guid":{"rendered":"https:\/\/zonaroja.com.mx\/?p=82608"},"modified":"2025-07-20T07:06:16","modified_gmt":"2025-07-20T13:06:16","slug":"inauguran-en-arrazola-xoxocotlan-la-feria-artesanal-de-alebrijes-2025","status":"publish","type":"post","link":"https:\/\/zonaroja.com.mx\/?p=82608","title":{"rendered":"Inauguran en Arrazola, Xoxocotl\u00e1n, la Feria Artesanal de Alebrijes 2025"},"content":{"rendered":"\n<p>Redacci\u00f3n\/Zona Roja.&nbsp;<\/p>\n\n\n\n<p>Oaxaca, Oax., a 20 de julio de 2025.- A partir de este s\u00e1bado 19 y hasta el 3 de agosto, Santa Antonio Arrazola, agencia municipal de Santa Cruz Xoxocotl\u00e1n, abre sus puertas y su creatividad en la Feria Artesanal de Alebrijes 2025.<\/p>\n\n\n\n<p>Las manos sabias de m\u00e1s 30 familias artesanas dan vida al copal, transform\u00e1ndolo en criaturas fant\u00e1sticas que cuentan historias de colores y profunda identidad.&nbsp;&nbsp;<\/p>\n\n\n\n<p>Entre colores y aromas, la presidenta municipal, Nancy Ben\u00edtez Z\u00e1rate, integrantes del Cabildo, autoridades de esta agencia y la directora de Profesionalizaci\u00f3n Tur\u00edstica de la Sectur, Concepci\u00f3n Guadalupe Ib\u00e1\u00f1ez Ram\u00edrez, inauguraron esta feria que, m\u00e1s que una muestra, es un canto a la tierra, al arte y a la herencia que se renueva con cada pincelada.<\/p>\n\n\n\n<p>\u201cLa creatividad, el talento y la herencia art\u00edstica de nuestras artesanas y artesanos de Arrazola son invaluables. Los alebrijes no nacen solamente del trabajo manual, nacen de algo mucho m\u00e1s profundo, del alma, del coraz\u00f3n, de los sue\u00f1os que transforman en madera el color, cada figura es un testimonio e ingenio\u201d, resalt\u00f3 la edil xoxe\u00f1a.&nbsp;<\/p>\n\n\n\n<p>La invitaci\u00f3n est\u00e1 abierta a visitar Arrazola y caminar entre alebrijes y el talento de su gente. La feria te recibe con los brazos abiertos de 10:00 a 18:00 horas.&nbsp;<\/p>\n\n\n\n<figure class=\"wp-block-embed is-type-rich is-provider-twitter wp-block-embed-twitter\"><div class=\"wp-block-embed__wrapper\">\n<div class=\"twitter-tweet\"><blockquote class=\"twitter-tweet\" data-lang=\"es\"><p lang=\"es\" dir=\"ltr\">Xoxocotl\u00e1n se llen\u00f3 de historia, color y orgullo con la primera presentaci\u00f3n \u201cHuipiles y Enredos, historias que cobran vida\u201d. \u2728<br><br>Cada prenda lleva consigo el arte de las manos que los tejen y la memoria viva de nuestros pueblos. \ud83e\uddf5\ud83d\udc9c<br><br>Celebramos el talento y la herencia textil\u2026 <a href=\"https:\/\/t.co\/NNSSPjf2eV\">pic.twitter.com\/NNSSPjf2eV<\/a><\/p>&mdash; Nancy Ben\u00edtez (@Nancy_Benitez_) <a href=\"https:\/\/twitter.com\/Nancy_Benitez_\/status\/1946674761284641164?ref_src=twsrc%5Etfw\">19 de julio de 2025<\/a><\/blockquote><\/div>\n<\/div><\/figure>\n\n\n\n<p>FIESTA DE SABORES<\/p>\n\n\n\n<p>Por otra parte, Santa Cruz Xoxocotl\u00e1n se llen\u00f3 de sabor, tradici\u00f3n y activaci\u00f3n f\u00edsica, en el marco de la celebraci\u00f3n de Sahandevui, Guelaguetza en Xoxocotl\u00e1n.&nbsp;&nbsp;<\/p>\n\n\n\n<p>El gobierno municipal, encabezado por la presidenta Nancy Ben\u00edtez Z\u00e1rate, llev\u00f3 a cabo con \u00e9xito la Muestra Gastron\u00f3mica, la Exposici\u00f3n de Huipiles y la carrera pedestre \u201cHuellas del Jaguar\u201d, actividades que fortalecen la identidad cultural.<\/p>\n\n\n\n<p>La mun\u00edcipe inaugur\u00f3 la Muestra Gastron\u00f3mica, acompa\u00f1ada de su Cabildo y decenas de asistentes que acudieron a disfrutar de los platillos tradicionales en el Parque Central.<\/p>\n\n\n\n<p>\u201cTenemos que recuperar nuestras tradiciones y agradecer la participaci\u00f3n de nuestras cocineras, quienes desde muy temprano se encuentran preparando estos ricos alimentos. Estar\u00e1n hoy y todo el d\u00eda de ma\u00f1ana. Invitamos a nuestras paisanas y paisanos a que nos visiten\u201d.<\/p>\n\n\n\n<p>El evento ofreci\u00f3 delicias como chichilo, segueza, tostadas, molotes, postres t\u00edpicos, aguas frescas, atole y nieve.<\/p>\n\n\n\n<p>VESTIMENTA TRADICIONAL&nbsp;<\/p>\n\n\n\n<p>Xoxocotl\u00e1n tambi\u00e9n se visti\u00f3 de gala con la primera edici\u00f3n de \u201cHuipiles y Enredos, historias que cobran vida\u201d, una muestra que cautiv\u00f3 a cientos de personas en el parque central.<\/p>\n\n\n\n<p>Cada prenda, tejida a mano, resguarda la esencia de nuestras comunidades: colores, s\u00edmbolos y t\u00e9cnicas transmitidas de generaci\u00f3n en generaci\u00f3n, portando el alma de nuestras ra\u00edces.<\/p>\n\n\n\n<p>Este homenaje textil present\u00f3 piezas de las ocho regiones de Oaxaca, celebrando el arte, la memoria y la identidad que se entreteje en nuestra historia viva.<\/p>\n\n\n\n<p>CARRERA PEDESTRE&nbsp;<\/p>\n\n\n\n<p>Con m\u00e1s de 300 participantes, la carrera pedestre Huellas del Jaguar llen\u00f3 de energ\u00eda y entusiasmo las calles de Xoxocotl\u00e1n, desde Mogotes hasta el Parque Central.<\/p>\n\n\n\n<p>La presidenta municipal, acompa\u00f1ada de integrantes de su Cabildo, dieron el banderazo de salida y encabezaron el acto de premiaci\u00f3n.<\/p>\n","protected":false},"excerpt":{"rendered":"<p>Redacci\u00f3n\/Zona Roja.&nbsp; Oaxaca, Oax., a 20 de julio de 2025.- A partir de este s\u00e1bado&hellip;<\/p>\n","protected":false},"author":2,"featured_media":82610,"comment_status":"closed","ping_status":"open","sticky":false,"template":"","format":"standard","meta":{"_lmt_disableupdate":"","_lmt_disable":"","_jetpack_memberships_contains_paid_content":false,"footnotes":""},"categories":[109,46],"tags":[133],"class_list":["post-82608","post","type-post","status-publish","format-standard","has-post-thumbnail","hentry","category-minuto-a-minuto","category-zona-blanca","tag-santa-cruz-xoxocotlan"],"jetpack_featured_media_url":"https:\/\/zonaroja.com.mx\/wp-content\/uploads\/2025\/07\/Del-copal-al-corazon-inauguran-en-Arrazola-Feria-Artesanal-de-Alebrijes-2025-3.jpeg","jetpack_sharing_enabled":true,"_links":{"self":[{"href":"https:\/\/zonaroja.com.mx\/index.php?rest_route=\/wp\/v2\/posts\/82608","targetHints":{"allow":["GET"]}}],"collection":[{"href":"https:\/\/zonaroja.com.mx\/index.php?rest_route=\/wp\/v2\/posts"}],"about":[{"href":"https:\/\/zonaroja.com.mx\/index.php?rest_route=\/wp\/v2\/types\/post"}],"author":[{"embeddable":true,"href":"https:\/\/zonaroja.com.mx\/index.php?rest_route=\/wp\/v2\/users\/2"}],"replies":[{"embeddable":true,"href":"https:\/\/zonaroja.com.mx\/index.php?rest_route=%2Fwp%2Fv2%2Fcomments&post=82608"}],"version-history":[{"count":1,"href":"https:\/\/zonaroja.com.mx\/index.php?rest_route=\/wp\/v2\/posts\/82608\/revisions"}],"predecessor-version":[{"id":82611,"href":"https:\/\/zonaroja.com.mx\/index.php?rest_route=\/wp\/v2\/posts\/82608\/revisions\/82611"}],"wp:featuredmedia":[{"embeddable":true,"href":"https:\/\/zonaroja.com.mx\/index.php?rest_route=\/wp\/v2\/media\/82610"}],"wp:attachment":[{"href":"https:\/\/zonaroja.com.mx\/index.php?rest_route=%2Fwp%2Fv2%2Fmedia&parent=82608"}],"wp:term":[{"taxonomy":"category","embeddable":true,"href":"https:\/\/zonaroja.com.mx\/index.php?rest_route=%2Fwp%2Fv2%2Fcategories&post=82608"},{"taxonomy":"post_tag","embeddable":true,"href":"https:\/\/zonaroja.com.mx\/index.php?rest_route=%2Fwp%2Fv2%2Ftags&post=82608"}],"curies":[{"name":"wp","href":"https:\/\/api.w.org\/{rel}","templated":true}]}}