{"id":82612,"date":"2025-07-20T10:45:00","date_gmt":"2025-07-20T16:45:00","guid":{"rendered":"https:\/\/zonaroja.com.mx\/?p=82612"},"modified":"2025-07-20T07:15:04","modified_gmt":"2025-07-20T13:15:04","slug":"morena-vs-morena-se-contradicen-por-defensa-de-adan-augusto","status":"publish","type":"post","link":"https:\/\/zonaroja.com.mx\/?p=82612","title":{"rendered":"Morena vs Morena: se \u2018contradicen\u2019 por defensa de Ad\u00e1n Augusto"},"content":{"rendered":"\n<p>Redacci\u00f3n\/Zona Roja Cdmx.<\/p>\n\n\n\n<p>Ciudad de M\u00e9xico, a 20 de julio de 2025.- El entorno pol\u00e9mico que rodea al senador Ad\u00e1n Augusto L\u00f3pez, por los nexos de su exfuncionario con el crimen organizado, provoc\u00f3 que en Morena se generaran posturas encontradas por parte de algunos liderazgos del partido guinda.<\/p>\n\n\n\n<p>El tambi\u00e9n coordinador de senadores de Morena decidi\u00f3 mantenerse aislado de los cuestionamientos y no se hab\u00eda pronunciado sobre el caso de su exsecretario de Seguridad, Hern\u00e1n Berm\u00fadez Requena, quien es buscado por la Interpol.<\/p>\n\n\n\n<p>Ante la \u2018desaparici\u00f3n del ojo p\u00fablico\u2019 de Ad\u00e1n Augusto L\u00f3pez, diversos morenistas salieron a cerrar filas con el l\u00edder del Senado, como fue el caso de la presidenta nacional de Morena, Luisa Mar\u00eda Alcalde, o el presidente de la C\u00e1mara Alta, Gerardo Fern\u00e1ndez Noro\u00f1a.<\/p>\n\n\n\n<p>LUISA MAR\u00cdA ALCALDE<\/p>\n\n\n\n<p>La presidenta de Morena defendi\u00f3 la postura de su colega de partido de no pronunciarse al respecto por lo que, con un tono bastante fuerte, respondi\u00f3 los cuestionamientos de la prensa sobre la situaci\u00f3n de Ad\u00e1n Augusto L\u00f3pez.<\/p>\n\n\n\n<p>\u201cNo es \u00e9l el que lleva la investigaci\u00f3n, osea \u00bf\u00e9l qu\u00e9 tiene que aclarar? Osea, quien lleve la investigaci\u00f3n, que es la fiscal\u00eda estatal y en el caso tambi\u00e9n de la federal, tener claridad absoluta hac\u00eda la ciudadan\u00eda de que no hay impunidad\u201d, respondi\u00f3 la morenista.<\/p>\n\n\n\n<p>La presidenta nacional del partido guinda reiter\u00f3 que L\u00f3pez Hern\u00e1ndez no tiene porque hablar sobre el tema, ni dar alguna explicaci\u00f3n, pues aleg\u00f3 que el qu\u00e9 es investigado es quien fuera su secretario de Seguridad cuando era gobernador en Tabasco.<\/p>\n\n\n\n<p>\u201c\u00bf\u00c9l salir a aclarar qu\u00e9? El que est\u00e1 investigado es el que era secretario de seguridad y hay toda una investigaci\u00f3n al respecto. Quien debe informar es quien lleva la investigaci\u00f3n porque ellos son los que tienen los elementos\u201d, precis\u00f3.<\/p>\n\n\n\n<p>FERN\u00c1NDEZ NORO\u00d1A<\/p>\n\n\n\n<p>El presidente del Senado tambi\u00e9n fue cuestionado sobre si existe alguna similitud con el caso del exsecretario de Seguridad de M\u00e9xico, Genaro Garc\u00eda Luna, quien est\u00e1 encerrado en EUA por tener nexos con el narcotr\u00e1fico durante el sexenio del expresidente Felipe Calder\u00f3n.<\/p>\n\n\n\n<p>A esto, Gerardo Fern\u00e1ndez Noro\u00f1a neg\u00f3 que existan similitudes y asegur\u00f3 que toda esa situaci\u00f3n solo se trata de un \u201cgolpeteo medi\u00e1tico\u201d.<\/p>\n\n\n\n<p>\u201cNo hay ninguna similitud, no hay ninguna similitud, pero ninguna es ninguna, y ya platicar\u00e1 Ad\u00e1n Augusto\u201d, explic\u00f3 el morenista.<\/p>\n\n\n\n<p>LOS CONTRADICEN<\/p>\n\n\n\n<p>La presidenta de M\u00e9xico, Claudia Sheinbaum, opt\u00f3 por manejar la situaci\u00f3n de forma diferente con respecto a sus colegas de Morena.<\/p>\n\n\n\n<p>Durante su conferencia matutina, la mandataria nacional hizo un llamado al senador Ad\u00e1n Augusto L\u00f3pez, donde se\u00f1al\u00f3 que \u201cser\u00eda bueno que d\u00e9 su versi\u00f3n\u201d.<\/p>\n\n\n\n<p>\u201cEl senador debe dar su versi\u00f3n tambi\u00e9n para que se conozca y la gente pueda valorar la funci\u00f3n que desempe\u00f1\u00f3 \u00e9l como gobernador, y particularmente en el tema de seguridad\u201d, se\u00f1al\u00f3 la mandataria nacional.<\/p>\n\n\n\n<p>De esta forma, Sheinbaum Pardo recomend\u00f3 a su colega partidista dar una postura referente al exfuncionario para que la gente conozca su versi\u00f3n de los hechos.<\/p>\n\n\n\n<p>\u201cSer\u00eda muy bueno que \u00e9l diera su versi\u00f3n para que la gente conozca tambi\u00e9n qu\u00e9 fue lo que \u00e9l vivi\u00f3 como gobernador, qu\u00e9 fue lo que vivi\u00f3 con esta persona, cu\u00e1les fueron sus resultados y en todo caso, c\u00f3mo fue que lleg\u00f3 la informaci\u00f3n de que \u00e9sta persona estaba involucrada con un grupo delictivo\u201d, agreg\u00f3.<\/p>\n\n\n\n<p>SE DEFIENDE<\/p>\n\n\n\n<p>Tuvieron que pasar varios d\u00edas para que el senador de Morena comentara algo referente a la situaci\u00f3n del ahora pr\u00f3fugo Berm\u00fadez Requena.<\/p>\n\n\n\n<p>Desde el pasado 12 de julio que se dio a conocer la orden de aprehensi\u00f3n de Requena, el morenista guard\u00f3 absoluto silencio respecto al tema.<\/p>\n\n\n\n<p>Tampoco se le ha visto ante c\u00e1maras desde el mi\u00e9rcoles 9 de julio cuando asisti\u00f3 a la sesi\u00f3n de la Comisi\u00f3n Permanente del Congreso.<\/p>\n\n\n\n<p>Despu\u00e9s de mucha controversia, Ad\u00e1n Augusto L\u00f3pez por fin sali\u00f3 a defender su administraci\u00f3n en Tabasco (entre 2019 y 2021) y destac\u00f3 los retos de su gobierno en materia de Seguridad.<\/p>\n\n\n\n<p>\u201cFui gobernador de Tabasco desde el 1 de enero de 2019, hasta el 26 de agosto de 2021. (&#8230;) Durante mi gobierno, enfrentamos grandes retos en materia de seguridad, y logramos reducir sustancialmente la actividad delictiva, como muestro en la gr\u00e1fica adjunta. \u201d, se lee en su publicaci\u00f3n de twitter, donde adem\u00e1s precis\u00f3 que dej\u00f3 el cargo tras el llamado del expresidente Andr\u00e9s Manuel L\u00f3pez Obrador de sumarse a su gobierno.<\/p>\n\n\n\n<p>Adem\u00e1s destac\u00f3 que sabe sobre las investigaciones en contra de su exfuncionario y consider\u00f3 que es fundamental que se presente a aclarar los hechos ante las autoridades.<\/p>\n\n\n\n<p>\u201cEs p\u00fablico que se iniciaron investigaciones contra integrantes de aquel gobierno, y considero fundamental que deben presentarse ante las autoridades para aclarar los hechos\u201d, sostuvo.<\/p>\n\n\n\n<p>El coordinador de los senadores de Morena mencion\u00f3 que no tiene problema de presentarse a declarar si la autoridad lo requiere.<\/p>\n\n\n\n<p>\u201cAl mismo tiempo, aunque no he sido requerido, estoy a la orden de cualquier autoridad que solicite mi presencia\u201d, sentenci\u00f3 el morenista, quien acompa\u00f1\u00f3 su publicaci\u00f3n con una imagen de estad\u00edsticas durante su mandato en Tabasco.<\/p>\n\n\n\n<p>(Informaci\u00f3n de Pol\u00edtico.Mx)<\/p>\n","protected":false},"excerpt":{"rendered":"<p>Redacci\u00f3n\/Zona Roja Cdmx. Ciudad de M\u00e9xico, a 20 de julio de 2025.- El entorno pol\u00e9mico&hellip;<\/p>\n","protected":false},"author":2,"featured_media":82613,"comment_status":"closed","ping_status":"open","sticky":false,"template":"","format":"standard","meta":{"_lmt_disableupdate":"","_lmt_disable":"","_jetpack_memberships_contains_paid_content":false,"footnotes":""},"categories":[109,47],"tags":[3288],"class_list":["post-82612","post","type-post","status-publish","format-standard","has-post-thumbnail","hentry","category-minuto-a-minuto","category-zona-gris","tag-adan-augusto-lopez"],"jetpack_featured_media_url":"https:\/\/zonaroja.com.mx\/wp-content\/uploads\/2025\/07\/Norona-Adan-Augusto-Luisa-alcalde.jpg.avif","jetpack_sharing_enabled":true,"_links":{"self":[{"href":"https:\/\/zonaroja.com.mx\/index.php?rest_route=\/wp\/v2\/posts\/82612","targetHints":{"allow":["GET"]}}],"collection":[{"href":"https:\/\/zonaroja.com.mx\/index.php?rest_route=\/wp\/v2\/posts"}],"about":[{"href":"https:\/\/zonaroja.com.mx\/index.php?rest_route=\/wp\/v2\/types\/post"}],"author":[{"embeddable":true,"href":"https:\/\/zonaroja.com.mx\/index.php?rest_route=\/wp\/v2\/users\/2"}],"replies":[{"embeddable":true,"href":"https:\/\/zonaroja.com.mx\/index.php?rest_route=%2Fwp%2Fv2%2Fcomments&post=82612"}],"version-history":[{"count":1,"href":"https:\/\/zonaroja.com.mx\/index.php?rest_route=\/wp\/v2\/posts\/82612\/revisions"}],"predecessor-version":[{"id":82614,"href":"https:\/\/zonaroja.com.mx\/index.php?rest_route=\/wp\/v2\/posts\/82612\/revisions\/82614"}],"wp:featuredmedia":[{"embeddable":true,"href":"https:\/\/zonaroja.com.mx\/index.php?rest_route=\/wp\/v2\/media\/82613"}],"wp:attachment":[{"href":"https:\/\/zonaroja.com.mx\/index.php?rest_route=%2Fwp%2Fv2%2Fmedia&parent=82612"}],"wp:term":[{"taxonomy":"category","embeddable":true,"href":"https:\/\/zonaroja.com.mx\/index.php?rest_route=%2Fwp%2Fv2%2Fcategories&post=82612"},{"taxonomy":"post_tag","embeddable":true,"href":"https:\/\/zonaroja.com.mx\/index.php?rest_route=%2Fwp%2Fv2%2Ftags&post=82612"}],"curies":[{"name":"wp","href":"https:\/\/api.w.org\/{rel}","templated":true}]}}