{"id":82615,"date":"2025-07-20T12:15:00","date_gmt":"2025-07-20T18:15:00","guid":{"rendered":"https:\/\/zonaroja.com.mx\/?p=82615"},"modified":"2025-07-20T07:20:06","modified_gmt":"2025-07-20T13:20:06","slug":"detienen-en-salina-cruz-a-dos-personas-por-despojo-agravado","status":"publish","type":"post","link":"https:\/\/zonaroja.com.mx\/?p=82615","title":{"rendered":"Detienen en Salina Cruz a dos personas, por despojo agravado"},"content":{"rendered":"\n<p>Redacci\u00f3n\/Zona Roja.&nbsp;<\/p>\n\n\n\n<p>Oaxaca, Oax., a 20 de julio de 2025.- La Fiscal\u00eda General del Estado de Oaxaca (FGEO) ejecut\u00f3 una orden de aprehensi\u00f3n que permiti\u00f3 la detenci\u00f3n de dos personas identificadas como M.G.F. (hombre) y C.T.V. (mujer), por el delito de despojo agravado cometido en perjuicio de patrimonial de S.I.C.M., cometido en la regi\u00f3n del Istmo de Tehuantepec.<\/p>\n\n\n\n<p>De acuerdo con la causa penal, los hechos ocurrieron el 5 de noviembre de 2024, cuando la v\u00edctima se encontraba en su domicilio ubicado en inmediaciones del municipio de Salina Cruz, siti\u00f3 donde arribaron un grupo de personas, quienes lo agredieron de forma violenta, adem\u00e1s de amenazarlo con un arma de fuego y enseguida despojarlo de su propiedad.<\/p>\n\n\n\n<p>Ante estos hechos, la FGEO inici\u00f3 las investigaciones -a trav\u00e9s de la Vicefiscal\u00eda Regional del Istmo-, que permitieron obtener la orden de aprehensi\u00f3n en contra de M.G.F. y C.T.V., la cual fue ejecutada por elementos de la Agencia Estatal de Investigaciones (AEI).<\/p>\n\n\n\n<p>Tras la detenci\u00f3n, M.G.F. y C.T.V., fueron puestos a disposici\u00f3n de la autoridad ministerial correspondiente para su debido proceso legal.<\/p>\n\n\n\n<p>La Fiscal\u00eda General garantiza justicia plena a v\u00edctimas de delitos, aplicando todo el rigor de la Ley a quien o quienes resulten responsables.<\/p>\n","protected":false},"excerpt":{"rendered":"<p>Redacci\u00f3n\/Zona Roja.&nbsp; Oaxaca, Oax., a 20 de julio de 2025.- La Fiscal\u00eda General del Estado&hellip;<\/p>\n","protected":false},"author":2,"featured_media":82616,"comment_status":"closed","ping_status":"open","sticky":false,"template":"","format":"standard","meta":{"_lmt_disableupdate":"","_lmt_disable":"","_jetpack_memberships_contains_paid_content":false,"footnotes":""},"categories":[109,46],"tags":[494],"class_list":["post-82615","post","type-post","status-publish","format-standard","has-post-thumbnail","hentry","category-minuto-a-minuto","category-zona-blanca","tag-fiscalia-general-del-estado-de-oaxaca"],"jetpack_featured_media_url":"https:\/\/zonaroja.com.mx\/wp-content\/uploads\/2025\/07\/DEtenidos-despojo-Salina-Cruz.jpg","jetpack_sharing_enabled":true,"_links":{"self":[{"href":"https:\/\/zonaroja.com.mx\/index.php?rest_route=\/wp\/v2\/posts\/82615","targetHints":{"allow":["GET"]}}],"collection":[{"href":"https:\/\/zonaroja.com.mx\/index.php?rest_route=\/wp\/v2\/posts"}],"about":[{"href":"https:\/\/zonaroja.com.mx\/index.php?rest_route=\/wp\/v2\/types\/post"}],"author":[{"embeddable":true,"href":"https:\/\/zonaroja.com.mx\/index.php?rest_route=\/wp\/v2\/users\/2"}],"replies":[{"embeddable":true,"href":"https:\/\/zonaroja.com.mx\/index.php?rest_route=%2Fwp%2Fv2%2Fcomments&post=82615"}],"version-history":[{"count":1,"href":"https:\/\/zonaroja.com.mx\/index.php?rest_route=\/wp\/v2\/posts\/82615\/revisions"}],"predecessor-version":[{"id":82617,"href":"https:\/\/zonaroja.com.mx\/index.php?rest_route=\/wp\/v2\/posts\/82615\/revisions\/82617"}],"wp:featuredmedia":[{"embeddable":true,"href":"https:\/\/zonaroja.com.mx\/index.php?rest_route=\/wp\/v2\/media\/82616"}],"wp:attachment":[{"href":"https:\/\/zonaroja.com.mx\/index.php?rest_route=%2Fwp%2Fv2%2Fmedia&parent=82615"}],"wp:term":[{"taxonomy":"category","embeddable":true,"href":"https:\/\/zonaroja.com.mx\/index.php?rest_route=%2Fwp%2Fv2%2Fcategories&post=82615"},{"taxonomy":"post_tag","embeddable":true,"href":"https:\/\/zonaroja.com.mx\/index.php?rest_route=%2Fwp%2Fv2%2Ftags&post=82615"}],"curies":[{"name":"wp","href":"https:\/\/api.w.org\/{rel}","templated":true}]}}