{"id":82621,"date":"2025-07-20T13:27:00","date_gmt":"2025-07-20T19:27:00","guid":{"rendered":"https:\/\/zonaroja.com.mx\/?p=82621"},"modified":"2025-07-20T07:27:49","modified_gmt":"2025-07-20T13:27:49","slug":"tras-criticas-diputada-del-pt-se-arrepiente-de-sancion-contra-ciudadana","status":"publish","type":"post","link":"https:\/\/zonaroja.com.mx\/?p=82621","title":{"rendered":"Tras cr\u00edticas, diputada del PT se arrepiente de sanci\u00f3n contra ciudadana"},"content":{"rendered":"\n<p>Redacci\u00f3n\/Zona Roja Cdmx.<\/p>\n\n\n\n<p>Ciudad de M\u00e9xico, a 20 de julio de 2025.- La diputada Diana Karina Barreras (PT) afirm\u00f3 que para ella siempre fue suficiente con que la usuaria de la red social X que la critic\u00f3 se disculpara una sola vez, y \u201cni siquiera necesitaba que fuera p\u00fablica\u201d, por lo que llam\u00f3 al Tribunal Electoral del Poder Judicial (TEPJF) a reconsiderar el castigo contra la ciudadana Karla Estrella, cuya dureza gener\u00f3 cr\u00edticas de cibernautas e incluso comentarios de la presidenta Claudia Sheinbaum.<\/p>\n\n\n\n<p>Como se ha informado en este diario, el \u00f3rgano judicial determin\u00f3 el 19 de junio que la titular de la cuenta @KarlaMaEstrella hab\u00eda incurrido en actos de \u201cviolencia pol\u00edtica en raz\u00f3n de g\u00e9nero\u201d en contra de Barreras, por lo que orden\u00f3 que la ciudadana se disculpara con la legisladora por 30 d\u00edas consecutivos en la misma red, pero con la omisi\u00f3n de su nombre y, en su lugar, referirse a la legisladora como \u201cdato protegido\u201d. Adem\u00e1s se le oblig\u00f3 a pagar una multa.<\/p>\n\n\n\n<p>En su mensaje, publicado el 14 de febrero de 2024, pero despu\u00e9s borrado por \u00f3rdenes del Instituto Nacional Electoral, la usuaria manifest\u00f3: \u201cAs\u00ed estar\u00eda el berrinche de Sergio Guti\u00e9rrez Luna (presidente de la Mesa Directiva de la C\u00e1mara de Diputados) para que incluyeran a su esposa, que tuvieron que desmadrar las f\u00f3rmulas para darle una candidatura. Cero pruebas y cero dudas\u201d.<\/p>\n\n\n\n<p>Barreras present\u00f3 una queja por \u201cviolencia pol\u00edtica de g\u00e9nero\u201d y las autoridades le dieron la raz\u00f3n, e incluso -seg\u00fan revel\u00f3 Estrella- indagaron su situaci\u00f3n fiscal para determinar si pod\u00eda pagar la sanci\u00f3n econ\u00f3mica.<\/p>\n\n\n\n<p>Luego de que la presidenta Claudia Sheinbaum y otros personajes del gobierno federal calificaran la sanci\u00f3n como \u201cexcesiva\u201d, este s\u00e1bado Barreras Samaniego public\u00f3 un mensaje en el cual asegur\u00f3 que \u201cdesde la primera vez que se ofreci\u00f3 una disculpa, para m\u00ed fue suficiente. Ni siquiera necesitaba que fuera p\u00fablica; lo que realmente me importaba era el reconocimiento de la vulneraci\u00f3n que sent\u00ed. Lo que se dijo sobre m\u00ed jam\u00e1s se habr\u00eda dicho de un hombre\u201d.<\/p>\n\n\n\n<p>La diputada sonorense agreg\u00f3: \u201cHist\u00f3ricamente, el argumento de que los logros de las mujeres son producto de \u2018estar casadas con alguien\u2019 se ha utilizado para invisibilizar nuestros m\u00e9ritos, nuestro trabajo y nuestras trayectorias. Creo firmemente en la libertad de expresi\u00f3n, pero tambi\u00e9n creo con la misma convicci\u00f3n en el derecho de todas y todos a vivir una vida libre de violencia\u201d.<\/p>\n\n\n\n<p>Asimismo, afirm\u00f3 que \u201cen un mundo donde las redes sociales amplifican lo emocional, iremos aprendiendo juntos c\u00f3mo compaginar estos dos derechos. Abramos el di\u00e1logo, construyamos espacios de entendimiento y encontremos formas de convivencia donde todas y todos nos sintamos respetados. Mientras eso sucede, quiero decirles que tambi\u00e9n creo en la capacidad de reconocer, de rectificar y de aprender\u201d.<\/p>\n\n\n\n<p>Por tales consideraciones, dijo, \u201csolicito al tribunal que considere lo que hoy expreso p\u00fablicamente. Si bien agradezco que se haya reconocido que esto constituy\u00f3 violencia pol\u00edtica en raz\u00f3n de g\u00e9nero, coincido en que desde la primera disculpa el agravio qued\u00f3 saldado\u201d.<\/p>\n\n\n\n<p>Barreras enfatiz\u00f3: \u201cCierro este cap\u00edtulo desde la serenidad de quien sabe que actu\u00f3 con convicci\u00f3n y respeto. Lo cierro con la tranquilidad de haberme defendido sin agredir, con los medios legales que la ley me otorga; de haber puesto un l\u00edmite sin renunciar al di\u00e1logo. Y lo cierro, tambi\u00e9n, reafirmando un compromiso que me nace del coraz\u00f3n: seguir trabajando, desde donde me toque, para que ninguna mujer \u2014sin importar su historia, su origen o su camino\u2014 tenga que vivir violencia de ning\u00fan tipo. Ni f\u00edsica, ni verbal, ni simb\u00f3lica\u201d.<\/p>\n\n\n\n<p>La solicitud de la diputada petista, sin embargo, se enfrenta con el hecho de que las resoluciones del TEPJF son definitivas e inatacables, por lo que ya no se podr\u00edan modificar, a menos de que en un caso en particular se permita un recurso de reconsideraci\u00f3n.<\/p>\n\n\n\n<p>CRITICA SHEINBAUM<\/p>\n\n\n\n<p>El alcance del fallo del Tribunal fue tan comentado en las semanas recientes que incluso la presidenta Claudia Sheinbaum, al ser consultada al respecto, consider\u00f3 la sanci\u00f3n como \u201cun exceso\u201d, y recalc\u00f3 que \u201cel poder es humildad, no es soberbia. No est\u00e1 bien esta exigencia de que por 30 d\u00edas (d\u00e9) una disculpa\u201d la usuaria que critic\u00f3 a Barreras.<\/p>\n\n\n\n<p>En su conferencia de prensa matutina del pasado 17 de julio, la mandataria se\u00f1al\u00f3: \u201cAqu\u00ed hay derecho a criticar de lo que sea, nadie lo impide, lo que hay es derecho de r\u00e9plica, si alguien ofende o dice una mentira, aqu\u00ed hay que aclarar. Vale la pena que los tribunales, los jueces, pongan todo en su justo t\u00e9rmino\u201d.<\/p>\n\n\n\n<p>En el mismo sentido, Citlalli Hern\u00e1ndez, titular de la Secretar\u00eda de las Mujeres, coincidi\u00f3 en que el castigo contra la cibernauta era un \u201cexceso\u201d y consider\u00f3 que los ministros del TEPJF \u201cno puedan sancionar a una ciudadana por una opini\u00f3n de esa manera\u201d, por lo que el tribunal \u201ctendr\u00eda que replantear\u201d su fallo.<\/p>\n\n\n\n<p>(Informaci\u00f3n de \u201cLa Jornada\u201d)<\/p>\n","protected":false},"excerpt":{"rendered":"<p>Redacci\u00f3n\/Zona Roja Cdmx. Ciudad de M\u00e9xico, a 20 de julio de 2025.- La diputada Diana&hellip;<\/p>\n","protected":false},"author":2,"featured_media":82468,"comment_status":"closed","ping_status":"open","sticky":false,"template":"","format":"standard","meta":{"_lmt_disableupdate":"","_lmt_disable":"","_jetpack_memberships_contains_paid_content":false,"footnotes":""},"categories":[109,47],"tags":[4362],"class_list":["post-82621","post","type-post","status-publish","format-standard","has-post-thumbnail","hentry","category-minuto-a-minuto","category-zona-gris","tag-diana-karina-barreras"],"jetpack_featured_media_url":"https:\/\/zonaroja.com.mx\/wp-content\/uploads\/2025\/07\/Diana-Karina-Barreras-y-Karla-Estrella-.jpg","jetpack_sharing_enabled":true,"_links":{"self":[{"href":"https:\/\/zonaroja.com.mx\/index.php?rest_route=\/wp\/v2\/posts\/82621","targetHints":{"allow":["GET"]}}],"collection":[{"href":"https:\/\/zonaroja.com.mx\/index.php?rest_route=\/wp\/v2\/posts"}],"about":[{"href":"https:\/\/zonaroja.com.mx\/index.php?rest_route=\/wp\/v2\/types\/post"}],"author":[{"embeddable":true,"href":"https:\/\/zonaroja.com.mx\/index.php?rest_route=\/wp\/v2\/users\/2"}],"replies":[{"embeddable":true,"href":"https:\/\/zonaroja.com.mx\/index.php?rest_route=%2Fwp%2Fv2%2Fcomments&post=82621"}],"version-history":[{"count":1,"href":"https:\/\/zonaroja.com.mx\/index.php?rest_route=\/wp\/v2\/posts\/82621\/revisions"}],"predecessor-version":[{"id":82622,"href":"https:\/\/zonaroja.com.mx\/index.php?rest_route=\/wp\/v2\/posts\/82621\/revisions\/82622"}],"wp:featuredmedia":[{"embeddable":true,"href":"https:\/\/zonaroja.com.mx\/index.php?rest_route=\/wp\/v2\/media\/82468"}],"wp:attachment":[{"href":"https:\/\/zonaroja.com.mx\/index.php?rest_route=%2Fwp%2Fv2%2Fmedia&parent=82621"}],"wp:term":[{"taxonomy":"category","embeddable":true,"href":"https:\/\/zonaroja.com.mx\/index.php?rest_route=%2Fwp%2Fv2%2Fcategories&post=82621"},{"taxonomy":"post_tag","embeddable":true,"href":"https:\/\/zonaroja.com.mx\/index.php?rest_route=%2Fwp%2Fv2%2Ftags&post=82621"}],"curies":[{"name":"wp","href":"https:\/\/api.w.org\/{rel}","templated":true}]}}