{"id":82623,"date":"2025-07-20T15:28:00","date_gmt":"2025-07-20T21:28:00","guid":{"rendered":"https:\/\/zonaroja.com.mx\/?p=82623"},"modified":"2025-07-20T17:33:39","modified_gmt":"2025-07-20T23:33:39","slug":"expoferias-de-guelaguetza-la-apuesta-de-artesanos-para-reactivar-ventas","status":"publish","type":"post","link":"https:\/\/zonaroja.com.mx\/?p=82623","title":{"rendered":"Expoferias de Guelaguetza, la apuesta de artesanos para reactivar ventas"},"content":{"rendered":"\n<p>Lisbeth Mej\u00eda Reyes\/Zona Roja.<\/p>\n\n\n\n<p>Oaxaca, Oax., a 20 de julio de 2025.- Con la esperanza de promover el arte popular y a trav\u00e9s de este reactivar la econom\u00eda familiar, cientos de artesanas y artesanos del estado de Oaxaca participan desde hace unos d\u00edas en las expoferias artesanales, organizadas por el ayuntamiento capitalino y el gobierno estatal por las fiestas de \u00abJulio, mes de la Guelaguetza\u00bb.<\/p>\n\n\n\n<p>Los puestos y carpas se localizan en distintos puntos del centro hist\u00f3rico, por ejemplo, en la calle Macedonio Alcal\u00e1, el jard\u00edn Antonia Labastida, la calle de La Reforma y el atrio del templo de San Agust\u00edn. <\/p>\n\n\n\n<p>No obstante las ventas a\u00fan son bajas para algunos participantes, quienes han se\u00f1alado que hay poca afluencia de visitantes o que estos no han llegado a sus puestos, como en la calle de La Reforma.<\/p>\n\n\n\n<p>Ayer, como parte del seguimiento a los permisos otorgados y despu\u00e9s de los conflictos por la autorizaci\u00f3n de los mismos, un grupo de regidores del ayuntamiento de Oaxaca de Ju\u00e1rez acudi\u00f3 a la expoferia en la calle Macedonio Alcal\u00e1, m\u00e1s conocida como Andador Tur\u00edstico.&nbsp;<\/p>\n\n\n\n<p>La regidora de Hacienda, Matilde V\u00e1squez, asegur\u00f3 que este es uno de los varios recorridos que se realizar\u00e1n como una manera de brindar acompa\u00f1amiento a las y los artesanos.<\/p>\n\n\n\n<p>En la visita tambi\u00e9n estuvo el concejal Jes\u00fas Quevedo, de Gobierno, territorio y normatividad, as\u00ed como la s\u00edndica primera, Obtulia Salgado Delgado.<\/p>\n\n\n\n<p>INVADEN V\u00cdAS<\/p>\n\n\n\n<p>Aunque la festividad de la Virgen del Carmen ya concluy\u00f3, hasta este s\u00e1bado permanec\u00edan los juegos mec\u00e1nicos en el jard\u00edn Morelos, como parte de la verbena que por esta fiesta autoriz\u00f3 el ayuntamiento capitalino.&nbsp;<\/p>\n\n\n\n<p>Debido a los juegos y los puestos de venta de alimentos en la zona, en la \u00faltima semana se ha afectado la circulaci\u00f3n vehicular y el paso peatonal en la \u00faltima cuadra de la calzada Madero, en el inicio de la avenida de La Independencia.<\/p>\n\n\n\n<p>Al igual que estos puestos y juegos, otros m\u00e1s se instalaron alrededor del templo del Carmen Alto, que originalmente ha sido la sede de la verbena en honor a la virgen.<\/p>\n\n\n\n<p><\/p>\n","protected":false},"excerpt":{"rendered":"<p>Lisbeth Mej\u00eda Reyes\/Zona Roja. Oaxaca, Oax., a 20 de julio de 2025.- Con la esperanza&hellip;<\/p>\n","protected":false},"author":2,"featured_media":82609,"comment_status":"closed","ping_status":"open","sticky":false,"template":"","format":"standard","meta":{"_lmt_disableupdate":"","_lmt_disable":"","_jetpack_memberships_contains_paid_content":false,"footnotes":""},"categories":[109,46],"tags":[148],"class_list":["post-82623","post","type-post","status-publish","format-standard","has-post-thumbnail","hentry","category-minuto-a-minuto","category-zona-blanca","tag-oaxaca-de-juarez"],"jetpack_featured_media_url":"https:\/\/zonaroja.com.mx\/wp-content\/uploads\/2025\/07\/Feria-artesanal-atrio-de-San-Agustin.jpg","jetpack_sharing_enabled":true,"_links":{"self":[{"href":"https:\/\/zonaroja.com.mx\/index.php?rest_route=\/wp\/v2\/posts\/82623","targetHints":{"allow":["GET"]}}],"collection":[{"href":"https:\/\/zonaroja.com.mx\/index.php?rest_route=\/wp\/v2\/posts"}],"about":[{"href":"https:\/\/zonaroja.com.mx\/index.php?rest_route=\/wp\/v2\/types\/post"}],"author":[{"embeddable":true,"href":"https:\/\/zonaroja.com.mx\/index.php?rest_route=\/wp\/v2\/users\/2"}],"replies":[{"embeddable":true,"href":"https:\/\/zonaroja.com.mx\/index.php?rest_route=%2Fwp%2Fv2%2Fcomments&post=82623"}],"version-history":[{"count":2,"href":"https:\/\/zonaroja.com.mx\/index.php?rest_route=\/wp\/v2\/posts\/82623\/revisions"}],"predecessor-version":[{"id":82627,"href":"https:\/\/zonaroja.com.mx\/index.php?rest_route=\/wp\/v2\/posts\/82623\/revisions\/82627"}],"wp:featuredmedia":[{"embeddable":true,"href":"https:\/\/zonaroja.com.mx\/index.php?rest_route=\/wp\/v2\/media\/82609"}],"wp:attachment":[{"href":"https:\/\/zonaroja.com.mx\/index.php?rest_route=%2Fwp%2Fv2%2Fmedia&parent=82623"}],"wp:term":[{"taxonomy":"category","embeddable":true,"href":"https:\/\/zonaroja.com.mx\/index.php?rest_route=%2Fwp%2Fv2%2Fcategories&post=82623"},{"taxonomy":"post_tag","embeddable":true,"href":"https:\/\/zonaroja.com.mx\/index.php?rest_route=%2Fwp%2Fv2%2Ftags&post=82623"}],"curies":[{"name":"wp","href":"https:\/\/api.w.org\/{rel}","templated":true}]}}