{"id":82625,"date":"2025-07-20T15:54:59","date_gmt":"2025-07-20T21:54:59","guid":{"rendered":"https:\/\/zonaroja.com.mx\/?p=82625"},"modified":"2025-07-20T15:54:59","modified_gmt":"2025-07-20T21:54:59","slug":"por-fin-llevan-a-prision-preventiva-a-directora-y-trabajador-del-colegio-francoise-dolto","status":"publish","type":"post","link":"https:\/\/zonaroja.com.mx\/?p=82625","title":{"rendered":"Por fin llevan a prisi\u00f3n preventiva a directora y trabajador del colegio \u201cFran\u00e7oise Dolto\u201d"},"content":{"rendered":"\n<p>Redacci\u00f3n\/Zona Roja.&nbsp;<\/p>\n\n\n\n<p class=\"MsoNormal\">Oaxaca de Ju\u00e1rez, Oax. 20 de julio de 2025.-&nbsp;La Fiscal\u00eda General del Estado de Oaxaca (FGEO) llev\u00f3 a cabo los trabajos ministeriales especializados en justicia para ni\u00f1as y ni\u00f1os, gracias a los cuales logr\u00f3 el cambio de medida cautelar de dos personas imputadas por el delito de Lesiones, identificados por las iniciales A.C.S.M. (mujer) y J.D.I.S. (hombre) -directora y maestro del Colegio \u201cFrancoise Dolto\u201d-, quienes ahora se encuentran en prisi\u00f3n preventiva, por hechos en los que alumnas y alumnos de la instituci\u00f3n educativa sufrieron lesiones por quemadura durante una actividad recreativa, acciones por las que suman seis probables responsables vinculados a proceso.<\/p>\n\n\n\n<p class=\"MsoNormal\">De acuerdo con el expediente penal, la FGEO llev\u00f3 a audiencia a A.C.S.M. y a J.D.I.S., por el delito de Lesiones cometidas en agravio de ni\u00f1as y ni\u00f1os, en el interior del colegio \u201cFrancoise Dolto\u201d, ubicado en&nbsp;calle Berrioz\u00e1bal, en la colonia Centro, en el municipio de Oaxaca de Ju\u00e1rez, logrando la vinculaci\u00f3n a proceso, por el que el Juez que atiende la causa hab\u00eda dictado medidas cautelares distintas a la prisi\u00f3n.<\/p>\n\n\n\n<p class=\"MsoNormal\">Para dar una atenci\u00f3n integral y con el objetivo que las v\u00edctimas directas e indirectas tengan pleno acceso a la justicia, la Fiscal\u00eda de Oaxaca -a trav\u00e9s de la Fiscal\u00eda Especializada en Justicia para Ni\u00f1as, Ni\u00f1os y Adolescentes- solicit\u00f3 la revisi\u00f3n de medidas cautelares, logrando que el Juez impusiera prisi\u00f3n preventiva justificada para los dos imputados.<\/p>\n\n\n\n<p class=\"MsoNormal\">Con estas dos vinculaciones a proceso, ya suman seis personas imputadas y bajo proceso penal por su probable responsabilidad en la comisi\u00f3n de diversos delitos dentro del mismo caso, como resultado de los trabajos especializados y coordinados entre diferentes \u00e1reas de la FGEO como la Vicefiscal\u00eda General de Control Operativo, Vicefiscal\u00eda Regional de Valles Centrales y la Fiscal\u00eda Especializada en Justicia para Ni\u00f1as, Ni\u00f1os y Adolescentes.<\/p>\n\n\n\n<p class=\"MsoNormal\">De acuerdo con el expediente penal, los hechos ocurrieron el 29 de abril de 2025, cuando las v\u00edctimas -alumnas y alumnos del colegio \u201cFrancoise Dolto\u201d- acudieron a la escuela localizada en el Centro de la ciudad de Oaxaca, para participar en un campamento como parte de los festejos por el D\u00eda del Ni\u00f1o.<\/p>\n\n\n\n<p class=\"MsoNormal\">Sin embargo, cuando se encontraban alrededor de una fogata, una persona adulta lanz\u00f3 alcohol et\u00edlico que aviv\u00f3 el fuego, el cual alcanz\u00f3 a varios menores de edad, quienes resultaron con lesiones de gravedad por las quemaduras.<\/p>\n\n\n\n<p class=\"MsoNormal\">La Fiscal\u00eda General del Estado de Oaxaca prioriza las investigaciones de delitos cometidos en contra de ni\u00f1as, ni\u00f1os y adolescentes, pues busca un adecuado acceso a la procuraci\u00f3n de justicia que lleve la perspectiva de infancia y adolescencia pues, este mecanismo es la v\u00eda para garantizar la m\u00e1xima protecci\u00f3n y atender adecuadamente el inter\u00e9s superior de la ni\u00f1ez.&nbsp;<\/p>\n\n\n\n<p><\/p>\n","protected":false},"excerpt":{"rendered":"<p>Redacci\u00f3n\/Zona Roja.&nbsp; Oaxaca de Ju\u00e1rez, Oax. 20 de julio de 2025.-&nbsp;La Fiscal\u00eda General del Estado&hellip;<\/p>\n","protected":false},"author":2,"featured_media":79990,"comment_status":"closed","ping_status":"open","sticky":false,"template":"","format":"standard","meta":{"_lmt_disableupdate":"","_lmt_disable":"","_jetpack_memberships_contains_paid_content":false,"footnotes":""},"categories":[109,46],"tags":[],"class_list":["post-82625","post","type-post","status-publish","format-standard","has-post-thumbnail","hentry","category-minuto-a-minuto","category-zona-blanca"],"jetpack_featured_media_url":"https:\/\/zonaroja.com.mx\/wp-content\/uploads\/2025\/05\/Instituto-Francoise-Dolto-asegurado-por-Fiscalia.jpg","jetpack_sharing_enabled":true,"_links":{"self":[{"href":"https:\/\/zonaroja.com.mx\/index.php?rest_route=\/wp\/v2\/posts\/82625","targetHints":{"allow":["GET"]}}],"collection":[{"href":"https:\/\/zonaroja.com.mx\/index.php?rest_route=\/wp\/v2\/posts"}],"about":[{"href":"https:\/\/zonaroja.com.mx\/index.php?rest_route=\/wp\/v2\/types\/post"}],"author":[{"embeddable":true,"href":"https:\/\/zonaroja.com.mx\/index.php?rest_route=\/wp\/v2\/users\/2"}],"replies":[{"embeddable":true,"href":"https:\/\/zonaroja.com.mx\/index.php?rest_route=%2Fwp%2Fv2%2Fcomments&post=82625"}],"version-history":[{"count":1,"href":"https:\/\/zonaroja.com.mx\/index.php?rest_route=\/wp\/v2\/posts\/82625\/revisions"}],"predecessor-version":[{"id":82626,"href":"https:\/\/zonaroja.com.mx\/index.php?rest_route=\/wp\/v2\/posts\/82625\/revisions\/82626"}],"wp:featuredmedia":[{"embeddable":true,"href":"https:\/\/zonaroja.com.mx\/index.php?rest_route=\/wp\/v2\/media\/79990"}],"wp:attachment":[{"href":"https:\/\/zonaroja.com.mx\/index.php?rest_route=%2Fwp%2Fv2%2Fmedia&parent=82625"}],"wp:term":[{"taxonomy":"category","embeddable":true,"href":"https:\/\/zonaroja.com.mx\/index.php?rest_route=%2Fwp%2Fv2%2Fcategories&post=82625"},{"taxonomy":"post_tag","embeddable":true,"href":"https:\/\/zonaroja.com.mx\/index.php?rest_route=%2Fwp%2Fv2%2Ftags&post=82625"}],"curies":[{"name":"wp","href":"https:\/\/api.w.org\/{rel}","templated":true}]}}