{"id":82629,"date":"2025-07-20T19:13:23","date_gmt":"2025-07-21T01:13:23","guid":{"rendered":"https:\/\/zonaroja.com.mx\/?p=82629"},"modified":"2025-07-20T19:13:25","modified_gmt":"2025-07-21T01:13:25","slug":"estrena-oaxaqueno-jose-pablo-rito-su-obra-solemne-soledad","status":"publish","type":"post","link":"https:\/\/zonaroja.com.mx\/?p=82629","title":{"rendered":"Estrena oaxaque\u00f1o Jos\u00e9 Pablo Rito su obra \u00abSolemne soledad\u00bb"},"content":{"rendered":"\n<p>Lisbeth Mej\u00eda Reyes\/Zona Roja.<\/p>\n\n\n\n<p>Oaxaca, Oax., a 20 de julio de 2025.- A sus 18 a\u00f1os de edad, el joven Jos\u00e9 Pablo Rito R\u00edos cre\u00f3 y estren\u00f3 su primera composici\u00f3n musical, la cual est\u00e1 inspirada en la tradici\u00f3n musical de la regi\u00f3n Istmo de Tehuantepec, principalmente en la obra del m\u00fasico istme\u00f1o Atilano Morales.<\/p>\n\n\n\n<p>La presentaci\u00f3n de la pieza musical fue el pasado 1 de julio en la Facultad de Bellas Artes de la Universidad Aut\u00f3noma \u201cBenito Ju\u00e1rez\u201d de Oaxaca (UABJO).<\/p>\n\n\n\n<p>Jos\u00e9 Pablo, joven compositor con ra\u00edces zapotecas, explic\u00f3 al p\u00fablico que su pieza musical de casi 5 minutos est\u00e1 pensada en las marchas f\u00fanebres tradicionales del Istmo de Tehuantepec.<\/p>\n\n\n\n<p>Tambi\u00e9n, en la obra de Atilano Morales (1863-1943), un m\u00fasico del que coment\u00f3 que aproximadamente en la d\u00e9cada de 1920 compuso una serie de marchas. Una de ellas \u00abBenita\u00bb, \u00abPredilecta Mar\u00eda\u00bb y \u00abLuto por Derecho\u00bb, adem\u00e1s de varios sones.<\/p>\n\n\n\n<p>Tras la interpretaci\u00f3n, a cargo de un quinteto de metales, el p\u00fablico reconoci\u00f3 con aplausos el talento del joven artista istme\u00f1o.<\/p>\n","protected":false},"excerpt":{"rendered":"<p>Lisbeth Mej\u00eda Reyes\/Zona Roja. Oaxaca, Oax., a 20 de julio de 2025.- A sus 18&hellip;<\/p>\n","protected":false},"author":2,"featured_media":82630,"comment_status":"closed","ping_status":"open","sticky":false,"template":"","format":"standard","meta":{"_lmt_disableupdate":"","_lmt_disable":"","_jetpack_memberships_contains_paid_content":false,"footnotes":""},"categories":[109,46],"tags":[4366],"class_list":["post-82629","post","type-post","status-publish","format-standard","has-post-thumbnail","hentry","category-minuto-a-minuto","category-zona-blanca","tag-jose-pablo-rito"],"jetpack_featured_media_url":"https:\/\/zonaroja.com.mx\/wp-content\/uploads\/2025\/07\/Jose-Pablo-Rito-music.jpg","jetpack_sharing_enabled":true,"_links":{"self":[{"href":"https:\/\/zonaroja.com.mx\/index.php?rest_route=\/wp\/v2\/posts\/82629","targetHints":{"allow":["GET"]}}],"collection":[{"href":"https:\/\/zonaroja.com.mx\/index.php?rest_route=\/wp\/v2\/posts"}],"about":[{"href":"https:\/\/zonaroja.com.mx\/index.php?rest_route=\/wp\/v2\/types\/post"}],"author":[{"embeddable":true,"href":"https:\/\/zonaroja.com.mx\/index.php?rest_route=\/wp\/v2\/users\/2"}],"replies":[{"embeddable":true,"href":"https:\/\/zonaroja.com.mx\/index.php?rest_route=%2Fwp%2Fv2%2Fcomments&post=82629"}],"version-history":[{"count":1,"href":"https:\/\/zonaroja.com.mx\/index.php?rest_route=\/wp\/v2\/posts\/82629\/revisions"}],"predecessor-version":[{"id":82631,"href":"https:\/\/zonaroja.com.mx\/index.php?rest_route=\/wp\/v2\/posts\/82629\/revisions\/82631"}],"wp:featuredmedia":[{"embeddable":true,"href":"https:\/\/zonaroja.com.mx\/index.php?rest_route=\/wp\/v2\/media\/82630"}],"wp:attachment":[{"href":"https:\/\/zonaroja.com.mx\/index.php?rest_route=%2Fwp%2Fv2%2Fmedia&parent=82629"}],"wp:term":[{"taxonomy":"category","embeddable":true,"href":"https:\/\/zonaroja.com.mx\/index.php?rest_route=%2Fwp%2Fv2%2Fcategories&post=82629"},{"taxonomy":"post_tag","embeddable":true,"href":"https:\/\/zonaroja.com.mx\/index.php?rest_route=%2Fwp%2Fv2%2Ftags&post=82629"}],"curies":[{"name":"wp","href":"https:\/\/api.w.org\/{rel}","templated":true}]}}