{"id":8264,"date":"2020-01-31T17:33:48","date_gmt":"2020-01-31T23:33:48","guid":{"rendered":"http:\/\/www.zonaroja.com.mx\/?p=8264"},"modified":"2020-01-31T17:33:51","modified_gmt":"2020-01-31T23:33:51","slug":"preve-steuabjo-estallar-huelga-universidad-los-llama-a-civilidad-y-responsabilidad","status":"publish","type":"post","link":"https:\/\/zonaroja.com.mx\/?p=8264","title":{"rendered":"Prev\u00e9 STEUABJO estallar huelga; Universidad los llama a civilidad y responsabilidad"},"content":{"rendered":"\n<p>Evlin Arag\u00f3n\/Zona Roja.<\/p>\n\n\n\n<p>Oaxaca de Ju\u00e1rez, Oax., 31 de enero de\n2020.- Pese a los ofrecimientos concretos de la Universidad Aut\u00f3noma \u201cBenito\nJu\u00e1rez\u201d de Oaxaca, as\u00ed como la precisi\u00f3n acerca de la crisis financiera por la\nque atraviesa la m\u00e1xima casa de estudios, el STEUABJO prev\u00e9 estallar la huelga\na partir del primer minuto de ma\u00f1ana, seg\u00fan acord\u00f3 en asamblea.<\/p>\n\n\n\n<p>La ma\u00f1ana de este viernes, el Eduardo\nBautista Mart\u00ednez acudi\u00f3 a la Junta de Conciliaci\u00f3n y Arbitraje para entregar\nla respuesta al pliego petitorio del Sindicato de Trabajadores y Empleados, en\nel marco de su revisi\u00f3n contractual y salarial.<\/p>\n\n\n\n<p>Acompa\u00f1ado de directores de la\ninstituci\u00f3n educativa, Bautista Mart\u00ednez se aperson\u00f3 desde las nueve de la\nma\u00f1ana a las oficinas de la JCA; mientras que a las afueras integrantes del STEUABJO\nbloqueaban las vialidades para dar cobertura a la reuni\u00f3n y hacer presi\u00f3n para\nla respuesta favorable de sus demandas.<\/p>\n\n\n\n<p>Durante la mesa de trabajo, la m\u00e1xima\nautoridad universitaria reiter\u00f3 la compleja situaci\u00f3n al interior de instancia\neducativa en temas financieros, los cuales nada tienen que ver con la base\ntrabajadora y si con una deficiente administraci\u00f3n heredada desde hace muchos\na\u00f1os debido a la falta de recursos p\u00fablicos. <\/p>\n\n\n\n<p>En este sentido se dijo respetuoso del actuar de los diferentes sindicatos al interior de la UABJO a quienes reconoce como parte indispensable de la comunidad universitaria. <\/p>\n\n\n\n<figure class=\"wp-block-embed-twitter wp-block-embed is-type-rich is-provider-twitter\"><div class=\"wp-block-embed__wrapper\">\n<div class=\"twitter-tweet\"><blockquote class=\"twitter-tweet\" data-lang=\"es\"><p lang=\"es\" dir=\"ltr\">Durante la reuni\u00f3n con integrantes de la <a href=\"https:\/\/twitter.com\/UABJO?ref_src=twsrc%5Etfw\">@UABJO<\/a>, el rector <a href=\"https:\/\/twitter.com\/Bautistaeduardo?ref_src=twsrc%5Etfw\">@Bautistaeduardo<\/a> llam\u00f3 a los afiliados al STEUABJO a privilegiar el di\u00e1logo y la madurez para no afectar las actividades universitarias; apel\u00f3 a la sensibilidad de los trabajadores a fin de no estallar la huelga. <a href=\"https:\/\/t.co\/Ixw48P4Ybl\">pic.twitter.com\/Ixw48P4Ybl<\/a><\/p>&mdash; Zona Roja Oaxaca (@MexRoja) <a href=\"https:\/\/twitter.com\/MexRoja\/status\/1223326008448819201?ref_src=twsrc%5Etfw\">31 de enero de 2020<\/a><\/blockquote><\/div>\n<\/div><\/figure>\n\n\n\n<p>\u201cEs falso que el rector tenga una\nactitud de denostaci\u00f3n de sus trabajadores, reconozco que todas y todos\ntrabajamos por una causa com\u00fan que es la vida universitaria\u201d dijo. <\/p>\n\n\n\n<p>Bautista Mart\u00ednez explic\u00f3 que la\nrespuesta del pliego petitorio en el \u00faltimo d\u00eda del plazo se debe a las\ncomplicaciones administrativas que se han registrado en los primeros d\u00edas del\na\u00f1o y que derivaron incluso en el retraso del pago de la n\u00f3mina de la primera\nquincena de enero, misma que afortunadamente se ha podido solventar.<\/p>\n\n\n\n<p>\u201cLos problemas de la Universidad no son\nrecientes, yo ingrese a trabajar como profesor en 1996 y desde entonces ya se\nadvert\u00eda de algunos riesgos en materia administrativa y financiera en\nparticular por el sistema de pensiones y jubilaciones que no son\nresponsabilidad de la base trabajadora\u201d, manifest\u00f3. <\/p>\n\n\n\n<p>Record\u00f3 que la UABJO es una de las\nuniversidades que menor presupuesto recibe por parte de la Federaci\u00f3n, lo cual\nha sido expuesto ante el Congreso de la Uni\u00f3n y el Congreso local con la\nfinalidad de que exista mayor asignaci\u00f3n presupuestal, que permita poco a poco\nsalir de la crisis financiera en la que se encuentra en estos momentos. <\/p>\n\n\n\n<p>Apelando a la responsabilidad entre\nquienes conforman la comunidad universitaria, pidi\u00f3 a quienes integran el STEUABJO\nrealizar los ajustes necesarios en sus peticiones,&nbsp; tomando en consideraci\u00f3n la situaci\u00f3n que\nvive la m\u00e1xima casa de estudios y que puede ser consultada por especialistas en\ncontadur\u00eda adscritos a la gremial.<\/p>\n\n\n\n<p>ESFUERZO EXTRAORDINARIO<\/p>\n\n\n\n<p>\u201cEstamos haciendo un esfuerzo\nextraordinario para responder a la base trabajadora por lo que se pone a\ndisposici\u00f3n de la gremial la propuesta que espero sea analizada al interior de\nsu asamblea en su justa dimensi\u00f3n, con la mayor responsabilidad y sensibilidad\ntomando en cuenta las problem\u00e1ticas antes citadas\u201d, indic\u00f3. <\/p>\n\n\n\n<p>Finalmente, Bautista Mart\u00ednez confi\u00f3 en\nque tanto la base trabajadora como la autoridad universitaria puedan continuar\ndialogando de forma continua, sin la necesidad de estallar la huelga anunciada\npara las primeras horas de este s\u00e1bado 1 de febrero, ello en beneficio de la\ncomunidad universitaria. <\/p>\n\n\n\n<p>Pese a lo anterior, ante la falta de\nacuerdo entre personal de base y autoridades universitarias, el sindicato ha\nacordado el estallamiento de la huelga a partir del primer minuto de este\ns\u00e1bado, por lo que se estar\u00edan cerrando todas las instalaciones de la UABJO en\nperjuicio de m\u00e1s de 25 mil estudiantes adscritos a la m\u00e1xima casa de estudios. <\/p>\n","protected":false},"excerpt":{"rendered":"<p>Evlin Arag\u00f3n\/Zona Roja. Oaxaca de Ju\u00e1rez, Oax., 31 de enero de 2020.- Pese a los&hellip;<\/p>\n","protected":false},"author":2,"featured_media":8265,"comment_status":"closed","ping_status":"open","sticky":false,"template":"","format":"standard","meta":{"_lmt_disableupdate":"","_lmt_disable":"","_jetpack_memberships_contains_paid_content":false,"footnotes":""},"categories":[109,47],"tags":[360,282],"class_list":["post-8264","post","type-post","status-publish","format-standard","has-post-thumbnail","hentry","category-minuto-a-minuto","category-zona-gris","tag-rector-eduardo-bautista-martinez","tag-universidad-autonoma-benito-juarez-de-oaxaca"],"jetpack_featured_media_url":"https:\/\/zonaroja.com.mx\/wp-content\/uploads\/2020\/01\/UABJO-STEUABJO.png","jetpack_sharing_enabled":true,"_links":{"self":[{"href":"https:\/\/zonaroja.com.mx\/index.php?rest_route=\/wp\/v2\/posts\/8264","targetHints":{"allow":["GET"]}}],"collection":[{"href":"https:\/\/zonaroja.com.mx\/index.php?rest_route=\/wp\/v2\/posts"}],"about":[{"href":"https:\/\/zonaroja.com.mx\/index.php?rest_route=\/wp\/v2\/types\/post"}],"author":[{"embeddable":true,"href":"https:\/\/zonaroja.com.mx\/index.php?rest_route=\/wp\/v2\/users\/2"}],"replies":[{"embeddable":true,"href":"https:\/\/zonaroja.com.mx\/index.php?rest_route=%2Fwp%2Fv2%2Fcomments&post=8264"}],"version-history":[{"count":1,"href":"https:\/\/zonaroja.com.mx\/index.php?rest_route=\/wp\/v2\/posts\/8264\/revisions"}],"predecessor-version":[{"id":8266,"href":"https:\/\/zonaroja.com.mx\/index.php?rest_route=\/wp\/v2\/posts\/8264\/revisions\/8266"}],"wp:featuredmedia":[{"embeddable":true,"href":"https:\/\/zonaroja.com.mx\/index.php?rest_route=\/wp\/v2\/media\/8265"}],"wp:attachment":[{"href":"https:\/\/zonaroja.com.mx\/index.php?rest_route=%2Fwp%2Fv2%2Fmedia&parent=8264"}],"wp:term":[{"taxonomy":"category","embeddable":true,"href":"https:\/\/zonaroja.com.mx\/index.php?rest_route=%2Fwp%2Fv2%2Fcategories&post=8264"},{"taxonomy":"post_tag","embeddable":true,"href":"https:\/\/zonaroja.com.mx\/index.php?rest_route=%2Fwp%2Fv2%2Ftags&post=8264"}],"curies":[{"name":"wp","href":"https:\/\/api.w.org\/{rel}","templated":true}]}}