{"id":82648,"date":"2025-07-21T11:30:00","date_gmt":"2025-07-21T17:30:00","guid":{"rendered":"https:\/\/zonaroja.com.mx\/?p=82648"},"modified":"2025-07-21T08:34:35","modified_gmt":"2025-07-21T14:34:35","slug":"la-vez-que-amlo-defendio-a-adan-augusto-tras-ser-ligado-al-cartel-la-barredora","status":"publish","type":"post","link":"https:\/\/zonaroja.com.mx\/?p=82648","title":{"rendered":"La vez que AMLO defendi\u00f3 a Ad\u00e1n Augusto tras ser ligado al c\u00e1rtel \u2018La Barredora\u2019"},"content":{"rendered":"\n<p>Redacci\u00f3n\/Zona Roja Cdmx.<\/p>\n\n\n\n<p>Ciudad de M\u00e9xico, a 21 de julio de 2025.- \u201cAd\u00e1n Augusto es un hombre honesto, lo conozco bien\u201d: As\u00ed fue como el expresidente Andr\u00e9s Manuel L\u00f3pez Obrador defendi\u00f3 en una de sus ma\u00f1aneras al exsecretario Gobernaci\u00f3n, quien hab\u00eda sido ligado, junto con sus funcionarios, al c\u00e1rtel \u2018La Barredora\u2019 en Tabasco.<\/p>\n\n\n\n<p>En octubre de 2022, L\u00f3pez Obrador se lanz\u00f3 contra los medios de comunicaci\u00f3n por haber filtrado informaci\u00f3n sobre los v\u00ednculos que presuntamente manten\u00edan funcionarios cercanos a Ad\u00e1n Augusto L\u00f3pez con uno de los brazos armados del CJNG.<\/p>\n\n\n\n<p>\u201cHay mucho ataques de la prensa conservadora en contra nuestra. La gente nos tiene confianza y saben que nunca vamos a traicionarlos, lo ideal es no mentir, no robar y no traicionar\u201d, refut\u00f3 AMLO aquella vez.<\/p>\n\n\n\n<p>Incluso, AMLO asegur\u00f3 que se trataba de \u201cfantas\u00edas\u201d y de \u201cchismes\u201d en contra del funcionario tabasque\u00f1o y ret\u00f3 a mostrar \u201calguna prueba\u201d a presentar \u201calguna denuncia de car\u00e1cter penal\u201d.<\/p>\n\n\n\n<p>Sin embargo, este mi\u00e9rcoles 16 de julio, los legisladores de Morena notificaron que desconoc\u00edan el paradero de su coordinador parlamentario, Ad\u00e1n Augusto L\u00f3pez, esto despu\u00e9s de que se diera a conocer que su exsecretario de Seguridad, Hern\u00e1n Berm\u00fadez Requena, es buscado por la Interpol.<\/p>\n\n\n\n<p>Ante esto, el senador Emmanuel Reyes dijo que se contactar\u00edan con Ad\u00e1n Augusto para hablar sobre el caso: \u201c\u00c9l (Ad\u00e1n Augusto) tendr\u00e1 que responder, por lo que en su momento, como gobernador vivi\u00f3 en el estado de Tabasco. Yo me ofrezco, no s\u00e9 en d\u00f3nde est\u00e9 el senador, seguramente en sus m\u00faltiples trabajos de la coordinaci\u00f3n, pero con mucho gusto vamos a platicar con \u00e9l\u201d.<\/p>\n\n\n\n<p>Hern\u00e1n Berm\u00fadez, quien se desempe\u00f1\u00f3 como titular de la Secretar\u00eda de Seguridad y Protecci\u00f3n Ciudadana de Tabasco, es buscado por la Interpol por presuntamente estar ligado como fundador del grupo criminal \u2018La Barredora\u2019.<\/p>\n\n\n\n<p>Berm\u00fadez Requena tambi\u00e9n cuenta con una orden de aprehensi\u00f3n en su contra por parte de la Fiscal\u00eda General del Estado, debido a su presunta vinculaci\u00f3n con la agrupaci\u00f3n relacionada con el C\u00e1rtel de Jalisco Nueva Generaci\u00f3n.<\/p>\n\n\n\n<p>\u201cSe inici\u00f3 una carpeta de investigaci\u00f3n y cuenta con una notificaci\u00f3n roja emitida por Interpol, adem\u00e1s ya se realiza su b\u00fasqueda a nivel internacional, en coordinaci\u00f3n con agencias de seguridad\u201d, explic\u00f3 el Gobierno de M\u00e9xico.<\/p>\n\n\n\n<p>Hern\u00e1n Berm\u00fadez habr\u00eda abandonado M\u00e9xico el pasado 26 de enero de 2025. Seg\u00fan el general Miguel \u00c1ngel L\u00f3pez Mart\u00ednez, el exsecretario de Seguridad de Tabasco dej\u00f3 el pa\u00eds desde M\u00e9rida, Yucat\u00e1n, con rumbo a Panam\u00e1, el mismo d\u00eda en que se gir\u00f3 la orden de aprehensi\u00f3n.<\/p>\n\n\n\n<p>(Informaci\u00f3n de \u201cEl Financiero\u201d)<\/p>\n","protected":false},"excerpt":{"rendered":"<p>Redacci\u00f3n\/Zona Roja Cdmx. Ciudad de M\u00e9xico, a 21 de julio de 2025.- \u201cAd\u00e1n Augusto es&hellip;<\/p>\n","protected":false},"author":2,"featured_media":82649,"comment_status":"closed","ping_status":"open","sticky":false,"template":"","format":"standard","meta":{"_lmt_disableupdate":"","_lmt_disable":"","_jetpack_memberships_contains_paid_content":false,"footnotes":""},"categories":[109,47],"tags":[3288],"class_list":["post-82648","post","type-post","status-publish","format-standard","has-post-thumbnail","hentry","category-minuto-a-minuto","category-zona-gris","tag-adan-augusto-lopez"],"jetpack_featured_media_url":"https:\/\/zonaroja.com.mx\/wp-content\/uploads\/2025\/07\/Lopez-Obraddor-y-Adan-Augusto.jpg.avif","jetpack_sharing_enabled":true,"_links":{"self":[{"href":"https:\/\/zonaroja.com.mx\/index.php?rest_route=\/wp\/v2\/posts\/82648","targetHints":{"allow":["GET"]}}],"collection":[{"href":"https:\/\/zonaroja.com.mx\/index.php?rest_route=\/wp\/v2\/posts"}],"about":[{"href":"https:\/\/zonaroja.com.mx\/index.php?rest_route=\/wp\/v2\/types\/post"}],"author":[{"embeddable":true,"href":"https:\/\/zonaroja.com.mx\/index.php?rest_route=\/wp\/v2\/users\/2"}],"replies":[{"embeddable":true,"href":"https:\/\/zonaroja.com.mx\/index.php?rest_route=%2Fwp%2Fv2%2Fcomments&post=82648"}],"version-history":[{"count":1,"href":"https:\/\/zonaroja.com.mx\/index.php?rest_route=\/wp\/v2\/posts\/82648\/revisions"}],"predecessor-version":[{"id":82650,"href":"https:\/\/zonaroja.com.mx\/index.php?rest_route=\/wp\/v2\/posts\/82648\/revisions\/82650"}],"wp:featuredmedia":[{"embeddable":true,"href":"https:\/\/zonaroja.com.mx\/index.php?rest_route=\/wp\/v2\/media\/82649"}],"wp:attachment":[{"href":"https:\/\/zonaroja.com.mx\/index.php?rest_route=%2Fwp%2Fv2%2Fmedia&parent=82648"}],"wp:term":[{"taxonomy":"category","embeddable":true,"href":"https:\/\/zonaroja.com.mx\/index.php?rest_route=%2Fwp%2Fv2%2Fcategories&post=82648"},{"taxonomy":"post_tag","embeddable":true,"href":"https:\/\/zonaroja.com.mx\/index.php?rest_route=%2Fwp%2Fv2%2Ftags&post=82648"}],"curies":[{"name":"wp","href":"https:\/\/api.w.org\/{rel}","templated":true}]}}