{"id":82657,"date":"2025-07-21T18:54:48","date_gmt":"2025-07-22T00:54:48","guid":{"rendered":"https:\/\/zonaroja.com.mx\/?p=82657"},"modified":"2025-07-21T19:00:22","modified_gmt":"2025-07-22T01:00:22","slug":"se-realiza-los-tramites-correspondientes-para-la-puesta-a-disposicion","status":"publish","type":"post","link":"https:\/\/zonaroja.com.mx\/?p=82657","title":{"rendered":"Cineasta \u00c1ngeles Cruz recuerda un a\u00f1o de su protesta y reitera demanda de justicia"},"content":{"rendered":"\n<p>Lisbeth Mej\u00eda Reyes\/Zona Roja.<\/p>\n\n\n\n<p>Oaxaca, Oax., a 21 de julio de 2025.- A un a\u00f1o de su protesta durante el primer Lunes del Cerro, la cineasta mixteca \u00c1ngeles Cruz Murillo denunci\u00f3 que los asesinatos por los que ha exigido justicia siguen impunes, pese al compromiso del gobernador Salom\u00f3n Jara Cruz por atender estos cr\u00edmenes y la violencia en San Miguel El Grande.<\/p>\n\n\n\n<p>Este lunes, la ganadora de varios premios Ariel se pronunci\u00f3 nuevamente en sus redes sociales para recordar que su manifestaci\u00f3n pac\u00edfica fue cuestionada por el gobierno de Oaxaca.<\/p>\n\n\n\n<p>\u00abHace un a\u00f1o cuestionaron mi manifestaci\u00f3n pac\u00edfica, yo cuestion\u00e9 su falta de justicia\u00bb, escribi\u00f3 ls directora de \u00abValentina y la Serenidad\u00bb, al recordar que el gobernador \u00abprometi\u00f3 que no habr\u00eda impunidad\u00bb. Sin embargo, \u00abno hay personas en la c\u00e1rcel por los asesinatos\u00bb.&nbsp;<\/p>\n\n\n\n<p>En un mensaje tambi\u00e9n dirigido a la Fiscal\u00eda General del Estado de Oaxaca y a la presidenta Claudia Sheinbaum, Cruz dijo que mientras \u00abun r\u00edo de sangre corre en Oaxaca, sus gobernantes bailan y festejan\u00bb.<\/p>\n\n\n\n<p>\u00c1ngeles Cruz ha exigido justicia para San Miguel El Grande, espec\u00edficamente para la localidad de L\u00e1zaro C\u00e1rdenas, pues los conflictos con la comunidad de Llano de Guadalupe han dejado al menos ocho muertos desde el a\u00f1o 2023 en la primera poblaci\u00f3n, incluido el hermano de la cineasta, Rom\u00e1n Cruz.<\/p>\n\n\n\n<p>Aunque no lo detalla, en aquella ocasi\u00f3n \u00c1ngeles fue rodeada por trabajadoras del gobierno estatal que trataron de ocultar su protesta y la expulsaron del auditorio. En ese momento, el fotoperiodista Edwin Hern\u00e1ndez, de \u201cEl Universal\u201d Oaxaca, tambi\u00e9n fue agredido por el personal de la Secretar\u00eda de Gobierno mientras documentaba la manifestaci\u00f3n de la cineasta.<\/p>\n\n\n\n<p>Previo a su expulsi\u00f3n del auditorio \u201cGuelaguetza\u201d, \u00c1ngeles comparti\u00f3 un video sobre su manifestaci\u00f3n y en el que advirti\u00f3 que estaba rodeada de personas que la vigilaban, pero que a pesar de eso se manifestaba para tratar de ver al gobernador.&nbsp;<\/p>\n\n\n\n<p>\u00abQue nos d\u00e9 una cita urgente para resolver el tema de agresiones que ha sufrido el pueblo de San Miguel El Grande\u00bb, era la petici\u00f3n de la directora de \u00abNudo Mixteco\u00bb.<\/p>\n\n\n\n<p>Dos d\u00edas despu\u00e9s de la manifestaci\u00f3n , el gobernador Salom\u00f3n Jara escribi\u00f3 en sus redes sociales que hab\u00eda dialogado con la cineasta.<\/p>\n\n\n\n<p>\u00abEn la casa del pueblo dialogu\u00e9 con la destacada cineasta mixteca \u00c1ngeles Cruz, con el objetivo de impulsar la paz territorial y la justicia que su pueblo y regi\u00f3n exige\u00bb, public\u00f3 el mandatario junto a dos fotograf\u00edas, una de ellas en la que estrecha la mano de \u00c1ngeles.<\/p>\n\n\n\n<p>Jara asegur\u00f3 que su gobierno es respetuoso \u00abde la libre manifestaci\u00f3n de ideas y el derecho que todos y todas tienen de exigir soluci\u00f3n a sus demandas y esta no es la excepci\u00f3n\u00bb.&nbsp;<\/p>\n\n\n\n<p>Aunque en una conferencia de prensa tambi\u00e9n cuestion\u00f3 el actuar de \u00c1ngeles por manifestarse en la fiesta. Jara dijo que en su momento tambi\u00e9n hizo protestas, \u00abpero nunca lo hice en la Guelaguetza. No soy tonto\u00bb.<\/p>\n\n\n\n<p>Adem\u00e1s, expuso que ya se hab\u00eda acordado una reuni\u00f3n cuando se encontr\u00f3 a la cineasta en el auditorio. Pero sin fecha concreta.<\/p>\n","protected":false},"excerpt":{"rendered":"<p>Lisbeth Mej\u00eda Reyes\/Zona Roja. Oaxaca, Oax., a 21 de julio de 2025.- A un a\u00f1o&hellip;<\/p>\n","protected":false},"author":2,"featured_media":82658,"comment_status":"closed","ping_status":"open","sticky":false,"template":"","format":"standard","meta":{"_lmt_disableupdate":"","_lmt_disable":"","_jetpack_memberships_contains_paid_content":false,"footnotes":""},"categories":[109,47],"tags":[2510],"class_list":["post-82657","post","type-post","status-publish","format-standard","has-post-thumbnail","hentry","category-minuto-a-minuto","category-zona-gris","tag-angeles-cruz-murillo"],"jetpack_featured_media_url":"https:\/\/zonaroja.com.mx\/wp-content\/uploads\/2025\/07\/Actriz-Angeles-Cruz.jpg","jetpack_sharing_enabled":true,"_links":{"self":[{"href":"https:\/\/zonaroja.com.mx\/index.php?rest_route=\/wp\/v2\/posts\/82657","targetHints":{"allow":["GET"]}}],"collection":[{"href":"https:\/\/zonaroja.com.mx\/index.php?rest_route=\/wp\/v2\/posts"}],"about":[{"href":"https:\/\/zonaroja.com.mx\/index.php?rest_route=\/wp\/v2\/types\/post"}],"author":[{"embeddable":true,"href":"https:\/\/zonaroja.com.mx\/index.php?rest_route=\/wp\/v2\/users\/2"}],"replies":[{"embeddable":true,"href":"https:\/\/zonaroja.com.mx\/index.php?rest_route=%2Fwp%2Fv2%2Fcomments&post=82657"}],"version-history":[{"count":2,"href":"https:\/\/zonaroja.com.mx\/index.php?rest_route=\/wp\/v2\/posts\/82657\/revisions"}],"predecessor-version":[{"id":82660,"href":"https:\/\/zonaroja.com.mx\/index.php?rest_route=\/wp\/v2\/posts\/82657\/revisions\/82660"}],"wp:featuredmedia":[{"embeddable":true,"href":"https:\/\/zonaroja.com.mx\/index.php?rest_route=\/wp\/v2\/media\/82658"}],"wp:attachment":[{"href":"https:\/\/zonaroja.com.mx\/index.php?rest_route=%2Fwp%2Fv2%2Fmedia&parent=82657"}],"wp:term":[{"taxonomy":"category","embeddable":true,"href":"https:\/\/zonaroja.com.mx\/index.php?rest_route=%2Fwp%2Fv2%2Fcategories&post=82657"},{"taxonomy":"post_tag","embeddable":true,"href":"https:\/\/zonaroja.com.mx\/index.php?rest_route=%2Fwp%2Fv2%2Ftags&post=82657"}],"curies":[{"name":"wp","href":"https:\/\/api.w.org\/{rel}","templated":true}]}}