{"id":82661,"date":"2025-07-21T20:18:26","date_gmt":"2025-07-22T02:18:26","guid":{"rendered":"https:\/\/zonaroja.com.mx\/?p=82661"},"modified":"2025-07-21T20:18:28","modified_gmt":"2025-07-22T02:18:28","slug":"asesinan-a-balazos-a-otro-mototaxista-en-juchitan-oaxaca","status":"publish","type":"post","link":"https:\/\/zonaroja.com.mx\/?p=82661","title":{"rendered":"Asesinan a balazos a otro mototaxista en Juchit\u00e1n, Oaxaca"},"content":{"rendered":"\n<p>Raymundo Morales\/Zona Roja.<\/p>\n\n\n\n<p>Oaxaca, Oax., a 21 de julio de 2025.- A una semana del m\u00e1s reciente hecho, otro mototaxistas fue asesinado a balazos en el municipio de Juchit\u00e1n de Zaragoza, regi\u00f3n del Istmo.<\/p>\n\n\n\n<p>El crimen se perpetr\u00f3 la tarde de este lunes cuando el individuo transitaba en la calle Francisco I. Madero de la S\u00e9ptima Secci\u00f3n, y fue acribillado por sujetos desconocidos.<\/p>\n\n\n\n<p>La v\u00edctima fue identificada como Ezequiel J. O., de oficio mototaxista, y de manera preliminar se inform\u00f3 que otra persona result\u00f3 lesionada de bala; los familiares del hoy occiso retiraron el cuerpo antes de la llegada de las corporaciones policiacas.<\/p>\n\n\n\n<p>Cabe recordar que el martes 15 de julio, un mototaxista fue ultimado por disparos de arma de fuego tambi\u00e9n en Juchit\u00e1n, cuando transitaba a bordo de su unidad de motor, en la carretera local rumbo al municipio de El Espinal.<\/p>\n\n\n\n<p>Por otra parte, en el interior de un veh\u00edculo estacionado en la avenida Manuel \u00c1vila Camacho del barrio El Espinal del municipio de Salina Cruz, fue hallada una persona sin vida.<\/p>\n\n\n\n<p>Hasta esta noche no ha sido identificada la v\u00edctima ni se ha dado a conocer la causa del deceso.<\/p>\n\n\n\n<p>En otro caso, personal de la Fiscal\u00eda General del Estado de Oaxaca, a trav\u00e9s de la Vicefiscal\u00eda Regional de la Cuenca, investiga el asesinato de un joven, ocurrido el pasado s\u00e1bado en el municipio de Loma Bonita.<\/p>\n\n\n\n<p>Ocurri\u00f3 frente a una taquer\u00eda, en la avenida 16 de Septiembre y el hombre fue identificado como Nazario Alberto E. B., de 37 a\u00f1os de edad, abogado de profesi\u00f3n.<\/p>\n","protected":false},"excerpt":{"rendered":"<p>Raymundo Morales\/Zona Roja. Oaxaca, Oax., a 21 de julio de 2025.- A una semana del&hellip;<\/p>\n","protected":false},"author":2,"featured_media":82662,"comment_status":"closed","ping_status":"open","sticky":false,"template":"","format":"standard","meta":{"_lmt_disableupdate":"","_lmt_disable":"","_jetpack_memberships_contains_paid_content":false,"footnotes":""},"categories":[109,51],"tags":[297],"class_list":["post-82661","post","type-post","status-publish","format-standard","has-post-thumbnail","hentry","category-minuto-a-minuto","category-zona-roja","tag-ejecutado-juchitan"],"jetpack_featured_media_url":"https:\/\/zonaroja.com.mx\/wp-content\/uploads\/2025\/07\/Ejecutan-a-mototaxista-Juchitan.jpg","jetpack_sharing_enabled":true,"_links":{"self":[{"href":"https:\/\/zonaroja.com.mx\/index.php?rest_route=\/wp\/v2\/posts\/82661","targetHints":{"allow":["GET"]}}],"collection":[{"href":"https:\/\/zonaroja.com.mx\/index.php?rest_route=\/wp\/v2\/posts"}],"about":[{"href":"https:\/\/zonaroja.com.mx\/index.php?rest_route=\/wp\/v2\/types\/post"}],"author":[{"embeddable":true,"href":"https:\/\/zonaroja.com.mx\/index.php?rest_route=\/wp\/v2\/users\/2"}],"replies":[{"embeddable":true,"href":"https:\/\/zonaroja.com.mx\/index.php?rest_route=%2Fwp%2Fv2%2Fcomments&post=82661"}],"version-history":[{"count":1,"href":"https:\/\/zonaroja.com.mx\/index.php?rest_route=\/wp\/v2\/posts\/82661\/revisions"}],"predecessor-version":[{"id":82663,"href":"https:\/\/zonaroja.com.mx\/index.php?rest_route=\/wp\/v2\/posts\/82661\/revisions\/82663"}],"wp:featuredmedia":[{"embeddable":true,"href":"https:\/\/zonaroja.com.mx\/index.php?rest_route=\/wp\/v2\/media\/82662"}],"wp:attachment":[{"href":"https:\/\/zonaroja.com.mx\/index.php?rest_route=%2Fwp%2Fv2%2Fmedia&parent=82661"}],"wp:term":[{"taxonomy":"category","embeddable":true,"href":"https:\/\/zonaroja.com.mx\/index.php?rest_route=%2Fwp%2Fv2%2Fcategories&post=82661"},{"taxonomy":"post_tag","embeddable":true,"href":"https:\/\/zonaroja.com.mx\/index.php?rest_route=%2Fwp%2Fv2%2Ftags&post=82661"}],"curies":[{"name":"wp","href":"https:\/\/api.w.org\/{rel}","templated":true}]}}