{"id":82664,"date":"2025-07-21T21:51:58","date_gmt":"2025-07-22T03:51:58","guid":{"rendered":"https:\/\/zonaroja.com.mx\/?p=82664"},"modified":"2025-07-21T21:52:00","modified_gmt":"2025-07-22T03:52:00","slug":"vive-oaxaca-lunes-de-fiesta-pero-tambien-de-bloqueos-carreteros","status":"publish","type":"post","link":"https:\/\/zonaroja.com.mx\/?p=82664","title":{"rendered":"Vive Oaxaca lunes de fiesta, pero tambi\u00e9n de bloqueos carreteros"},"content":{"rendered":"\n<p>Lisbeth Mej\u00eda Reyes\/Zona Roja.<\/p>\n\n\n\n<p>Oaxaca, Oax., a 21 de julio de 2025.- Las fiestas de Guelaguetza estuvieron enmarcadas este lunes por diversas protestas en el estado de Oaxaca, principalmente en la regi\u00f3n Istmo de Tehuantepec, donde se registraron cuatro bloqueos carreteros.&nbsp;<\/p>\n\n\n\n<p>Adem\u00e1s de una manifestaci\u00f3n en el Palacio de Gobierno, ciudad de Oaxaca, por parte de vecinos de la colonia Guillermo Gonz\u00e1lez Guardado, Villa de Zaachila.<\/p>\n\n\n\n<p>Organizaciones sociales y comunidades emprendieron desde temprana hora el cierre de carreteras en el Istmo: en Jalapa del Marqu\u00e9s, en el crucero a Puente Madera, en Santo Domingo Zanatepec y en El Coyul, San Pedro Huamelula.<\/p>\n\n\n\n<p>La Asamblea de los Pueblos Ind\u00edgenas Ind\u00edgenas del Istmo en Defensa de la Tierra y el Territorio tambi\u00e9n se manifest\u00f3 en la capital oaxaque\u00f1a como parte de la jornada de bloqueos en el Istmo y advirti\u00f3 que de no tener respuestas a sus demandas instalar\u00e1n un campamento en los pr\u00f3ximos d\u00edas en la capital.<\/p>\n\n\n\n<p>Frente al Palacio de Gobierno, la asamblea explic\u00f3 que los bloqueos carreteros en la regi\u00f3n Istmo se deben a la falta de respuestas a sus demandas.&nbsp;<\/p>\n\n\n\n<p>Entre estas, la revocaci\u00f3n de sentencias a 21 personas defensoras de El Coyul, alto al despojo de El Coyul por parte de Alfredo Manuel Mena Alonso, Rigoberto Cruz Cartas y Joel Ric\u00e1rdez L\u00f3pez.&nbsp;<\/p>\n\n\n\n<p>Asimismo, exigieron alto a la criminalizaci\u00f3n contra Puente Madera y revocaci\u00f3n de la sentencia de David Hern\u00e1ndez Salazar. Tambi\u00e9n pidieron el reconocimiento del comisariado de San Pedro Huamelula; demandaron alto a la destrucci\u00f3n y privatizaci\u00f3n de el Ajuaje en Jalapa del Marqu\u00e9s, as\u00ed como la reparaci\u00f3n integral y garant\u00eda de no repetici\u00f3n para el pueblo ikoot de San Mateo del Mar, entre otras.<\/p>\n\n\n\n<p>DEMANDAN SANEAMIENTO<\/p>\n\n\n\n<p>Por otra parte, un grupo de habitantes de la colonia Guillermo Gonz\u00e1lez Guardado, de la Villa de Zaachila, tambi\u00e9n arrib\u00f3 este lunes al Palacio de Gobierno para exigir el saneamiento del tiradero que oper\u00f3 por m\u00e1s de 40 a\u00f1os y al que llegaban los residuos de m\u00e1s de 20 municipios de los valles centrales. Encabezados por Antonio Odil\u00f3n Bernab\u00e9, presidente de la colonia, exigieron al gobernador, Salom\u00f3n Jara, y al presidente de la ciudad de Oaxaca, Raymundo Chagoya Villanueva, que saneen el basurero. Este sitio fue clausurado el 8 de octubre de 2022, pero los lixiviados siguen representando riesgos para la poblaci\u00f3n.<\/p>\n","protected":false},"excerpt":{"rendered":"<p>Lisbeth Mej\u00eda Reyes\/Zona Roja. Oaxaca, Oax., a 21 de julio de 2025.- Las fiestas de&hellip;<\/p>\n","protected":false},"author":2,"featured_media":82665,"comment_status":"closed","ping_status":"open","sticky":false,"template":"","format":"standard","meta":{"_lmt_disableupdate":"","_lmt_disable":"","_jetpack_memberships_contains_paid_content":false,"footnotes":""},"categories":[109,47],"tags":[1975],"class_list":["post-82664","post","type-post","status-publish","format-standard","has-post-thumbnail","hentry","category-minuto-a-minuto","category-zona-gris","tag-bloqueos-carreteros-oaxaca"],"jetpack_featured_media_url":"https:\/\/zonaroja.com.mx\/wp-content\/uploads\/2025\/07\/Protesta-asamblea-de-pueblos-Istmo.jpg","jetpack_sharing_enabled":true,"_links":{"self":[{"href":"https:\/\/zonaroja.com.mx\/index.php?rest_route=\/wp\/v2\/posts\/82664","targetHints":{"allow":["GET"]}}],"collection":[{"href":"https:\/\/zonaroja.com.mx\/index.php?rest_route=\/wp\/v2\/posts"}],"about":[{"href":"https:\/\/zonaroja.com.mx\/index.php?rest_route=\/wp\/v2\/types\/post"}],"author":[{"embeddable":true,"href":"https:\/\/zonaroja.com.mx\/index.php?rest_route=\/wp\/v2\/users\/2"}],"replies":[{"embeddable":true,"href":"https:\/\/zonaroja.com.mx\/index.php?rest_route=%2Fwp%2Fv2%2Fcomments&post=82664"}],"version-history":[{"count":1,"href":"https:\/\/zonaroja.com.mx\/index.php?rest_route=\/wp\/v2\/posts\/82664\/revisions"}],"predecessor-version":[{"id":82666,"href":"https:\/\/zonaroja.com.mx\/index.php?rest_route=\/wp\/v2\/posts\/82664\/revisions\/82666"}],"wp:featuredmedia":[{"embeddable":true,"href":"https:\/\/zonaroja.com.mx\/index.php?rest_route=\/wp\/v2\/media\/82665"}],"wp:attachment":[{"href":"https:\/\/zonaroja.com.mx\/index.php?rest_route=%2Fwp%2Fv2%2Fmedia&parent=82664"}],"wp:term":[{"taxonomy":"category","embeddable":true,"href":"https:\/\/zonaroja.com.mx\/index.php?rest_route=%2Fwp%2Fv2%2Fcategories&post=82664"},{"taxonomy":"post_tag","embeddable":true,"href":"https:\/\/zonaroja.com.mx\/index.php?rest_route=%2Fwp%2Fv2%2Ftags&post=82664"}],"curies":[{"name":"wp","href":"https:\/\/api.w.org\/{rel}","templated":true}]}}