{"id":82667,"date":"2025-07-21T22:49:45","date_gmt":"2025-07-22T04:49:45","guid":{"rendered":"https:\/\/zonaroja.com.mx\/?p=82667"},"modified":"2025-07-21T22:49:45","modified_gmt":"2025-07-22T04:49:45","slug":"comerciantes-empanan-guelaguetza-y-agreden-a-delegacion-migrante","status":"publish","type":"post","link":"https:\/\/zonaroja.com.mx\/?p=82667","title":{"rendered":"Comerciantes empa\u00f1an Guelaguetza y agreden a delegaci\u00f3n migrante"},"content":{"rendered":"\n<p>Lisbeth Mej\u00eda Reyes\/Zona Roja.<\/p>\n\n\n\n<p>Oaxaca, Oax., a 21 de julio de 2025.- Las filas comenzaron desde la madrugada, pero no fueron lo \u00fanico que motiv\u00f3 el primer Lunes del Cerro, espect\u00e1culo principal de las fiestas de Guelaguetza en Oaxaca.&nbsp;<\/p>\n\n\n\n<p>Lo fue tambi\u00e9n el reclamo de comerciantes por hacerse de un espacio para vender alrededor del auditorio.<\/p>\n\n\n\n<p>Aproximadamente a las 07:00 horas, los golpes y agresiones verbales fueron el recibimiento de vendedores a la Delegaci\u00f3n Migrante en el primer Lunes del Cerro.&nbsp;<\/p>\n\n\n\n<p>Las y los m\u00fasicos parec\u00edan estar en el fuego cruzado sobre la carretera federal 190, pues se llevaron parte de las agresiones verbales de las vendedoras que iban principalmente en contra de polic\u00edas estatales.&nbsp;<\/p>\n\n\n\n<p>Su intento por calmar a las vendedoras no fue suficiente y tambi\u00e9n fueron mojados con las botellas de agua.<\/p>\n\n\n\n<p>La considerada \u00abm\u00e1xima fiesta de las y los oaxaque\u00f1os\u00bb se vio empa\u00f1ada por ese primer momento que logr\u00f3 disiparse con las vallas met\u00e1licas y la fuerza policial.<\/p>\n\n\n\n<p>A unos metros, pero sobre las escaleras del \u201cFort\u00edn\u201d, cientos de comerciantes instalaban sus puestos sin problema. De igual forma, las cocineras que se colocaron del lado de la colonia Guelaguetza.<\/p>\n\n\n\n<p>El olor a comida comenz\u00f3 a percibirse en las escaleras y calles cercanas al auditorio. Los vecinos tambi\u00e9n aprovecharon para hacer de sus patios comedores improvisados.<\/p>\n\n\n\n<p>Por las escaleras se repet\u00eda la oferta de alimentos, bebidas, artesan\u00edas y todo tipo de productos.<\/p>\n\n\n\n<p>\u00ab\u00a1Tamales, tamales!<\/p>\n\n\n\n<p>\u00a1Tejate, chilacayota, nicuatole!<\/p>\n\n\n\n<p>\u00bfQuieres probar el pulque?<\/p>\n\n\n\n<p>La venta a pie tambi\u00e9n se sum\u00f3 a los puestos: tanto adultos como ni\u00f1os ofrec\u00edan jugos, aguas y refrescos frente a las taquillas.<\/p>\n\n\n\n<p>Despu\u00e9s del incidente con las comerciantes, la jornada transcurr\u00eda en tranquilidad en medio del operativo policiaco.<\/p>\n\n\n\n<p>En el auditorio ya estaban cantando o tocando los artistas invitados y las sillas se iban ocupando poco a poco. Quienes contaban con boletos de los palcos A y B arribaban incluso despu\u00e9s de iniciada la presentaci\u00f3n de las delegaciones.<\/p>\n\n\n\n<p>A diferencia del a\u00f1o pasado, la presencia de revendedores fue escasa y pr\u00e1cticamente desapercibida.&nbsp;<\/p>\n\n\n\n<p>Sin embargo, alrededor del mediod\u00eda se registr\u00f3 un conflicto entre las colonias Azucenas y Guelaguetza. El \u00e1rea que hab\u00edan acordado mantener libre junto a las escaleras, y que ha sido objeto de disputa, finalmente fue usada para colocar sillas y mesas. Aunque el problema no pas\u00f3 a mayores y se solucion\u00f3.<\/p>\n\n\n\n<p>Pese a estos incidentes, el primer Lunes del Cerro de la Guelaguetza culmin\u00f3 sin incidentes y con alta afluencia de oaxaque\u00f1os y turistas.<\/p>\n","protected":false},"excerpt":{"rendered":"<p>Lisbeth Mej\u00eda Reyes\/Zona Roja. Oaxaca, Oax., a 21 de julio de 2025.- Las filas comenzaron&hellip;<\/p>\n","protected":false},"author":2,"featured_media":82668,"comment_status":"closed","ping_status":"open","sticky":false,"template":"","format":"standard","meta":{"_lmt_disableupdate":"","_lmt_disable":"","_jetpack_memberships_contains_paid_content":false,"footnotes":""},"categories":[1],"tags":[],"class_list":["post-82667","post","type-post","status-publish","format-standard","has-post-thumbnail","hentry","category-sin-categoria"],"jetpack_featured_media_url":"https:\/\/zonaroja.com.mx\/wp-content\/uploads\/2025\/07\/Agresion-a-delegacion-migrante-Guelaguetza.jpg","jetpack_sharing_enabled":true,"_links":{"self":[{"href":"https:\/\/zonaroja.com.mx\/index.php?rest_route=\/wp\/v2\/posts\/82667","targetHints":{"allow":["GET"]}}],"collection":[{"href":"https:\/\/zonaroja.com.mx\/index.php?rest_route=\/wp\/v2\/posts"}],"about":[{"href":"https:\/\/zonaroja.com.mx\/index.php?rest_route=\/wp\/v2\/types\/post"}],"author":[{"embeddable":true,"href":"https:\/\/zonaroja.com.mx\/index.php?rest_route=\/wp\/v2\/users\/2"}],"replies":[{"embeddable":true,"href":"https:\/\/zonaroja.com.mx\/index.php?rest_route=%2Fwp%2Fv2%2Fcomments&post=82667"}],"version-history":[{"count":1,"href":"https:\/\/zonaroja.com.mx\/index.php?rest_route=\/wp\/v2\/posts\/82667\/revisions"}],"predecessor-version":[{"id":82669,"href":"https:\/\/zonaroja.com.mx\/index.php?rest_route=\/wp\/v2\/posts\/82667\/revisions\/82669"}],"wp:featuredmedia":[{"embeddable":true,"href":"https:\/\/zonaroja.com.mx\/index.php?rest_route=\/wp\/v2\/media\/82668"}],"wp:attachment":[{"href":"https:\/\/zonaroja.com.mx\/index.php?rest_route=%2Fwp%2Fv2%2Fmedia&parent=82667"}],"wp:term":[{"taxonomy":"category","embeddable":true,"href":"https:\/\/zonaroja.com.mx\/index.php?rest_route=%2Fwp%2Fv2%2Fcategories&post=82667"},{"taxonomy":"post_tag","embeddable":true,"href":"https:\/\/zonaroja.com.mx\/index.php?rest_route=%2Fwp%2Fv2%2Ftags&post=82667"}],"curies":[{"name":"wp","href":"https:\/\/api.w.org\/{rel}","templated":true}]}}